{"id":4833,"date":"2017-09-04T11:34:00","date_gmt":"2017-09-04T09:34:00","guid":{"rendered":"http:\/\/blog.liesdoch.de\/?p=4833"},"modified":"2017-09-04T11:34:00","modified_gmt":"2017-09-04T09:34:00","slug":"125-jahre-hertha-bsc","status":"publish","type":"post","link":"https:\/\/blog.liesdoch.de\/?p=4833","title":{"rendered":"125 Jahre Hertha BSC"},"content":{"rendered":"<p>&nbsp;<\/p>\n<p>&nbsp;<\/p>\n<p>&nbsp;<\/p>\n<p>&nbsp;<\/p>\n<p><a href=\"http:\/\/blog.liesdoch.de\/wp-content\/uploads\/2017\/09\/47106074z.jpg\"><img loading=\"lazy\" decoding=\"async\" class=\"alignnone size-medium wp-image-4834\" src=\"http:\/\/blog.liesdoch.de\/wp-content\/uploads\/2017\/09\/47106074z-218x300.jpg\" alt=\"\" width=\"218\" height=\"300\" srcset=\"https:\/\/blog.liesdoch.de\/wp-content\/uploads\/2017\/09\/47106074z-218x300.jpg 218w, https:\/\/blog.liesdoch.de\/wp-content\/uploads\/2017\/09\/47106074z.jpg 305w\" sizes=\"auto, (max-width: 218px) 100vw, 218px\" \/><\/a><\/p>\n<p>&nbsp;<\/p>\n<p>Michael Jahn, Hardy Gr\u00fcne, 125 Jahre Hertha BSC, Verlag Die Werkstatt 2017, ISBN 978-3-7307-0319-9<\/p>\n<p>&nbsp;<\/p>\n<p>Mit diesem volumin\u00f6sen Band machen die beiden Sportjournalisten Michael Jahn und Hardy Gr\u00fcne (er hat schon viele anderen protr\u00e4tiert)\u00a0 der alten Dame Hertha zu ihrem 125. Vereinsjubil\u00e4um 2017 ein wunderbares Geschenk. Gleichzeitig beschenken sie jeden Fan dieses Traditionsvereins, der sich dieses Buch kauft oder es vielleicht zu den kommenden Feiertagen als Pr\u00e4sent erh\u00e4lt.<\/p>\n<p>&nbsp;<\/p>\n<p>Von der Gr\u00fcndung im Jahre 1892 bis heute umfasst die ausf\u00fchrliche und sehr gut recherchierte Chronik alle entscheidenden Daten und Informationen. Unz\u00e4hlige Fotos bereichern einen Band, der auf 400 Seiten einen guten Einblick gibt in die Geschichte eines gro\u00dfen Vereins mit H\u00f6hen und Tiefen.<\/p>\n<p>&nbsp;<\/p>\n<p>Ein gro\u00dfer Statistikteil am Ende des Buches darf nat\u00fcrlich nicht fehlen. Er liefert auch den j\u00fcngeren Fans vieles Wissenswertes rund um den Spielbetrieb ihres Vereins.<\/p>\n<p>&nbsp;<\/p>\n<p>F\u00fcr jeden Herthafan ein ideales Geschenk.<\/p>\n<p>&nbsp;<\/p>\n<p>&nbsp;<\/p>\n","protected":false},"excerpt":{"rendered":"<p>&nbsp; &nbsp; &nbsp; &nbsp; &nbsp; Michael Jahn, Hardy Gr\u00fcne, 125 Jahre Hertha BSC, Verlag Die Werkstatt 2017, ISBN 978-3-7307-0319-9 &nbsp; Mit diesem volumin\u00f6sen Band machen die beiden Sportjournalisten Michael Jahn und Hardy Gr\u00fcne (er hat schon viele anderen protr\u00e4tiert)\u00a0 der alten Dame Hertha zu ihrem 125. Vereinsjubil\u00e4um 2017 ein wunderbares Geschenk. Gleichzeitig beschenken sie jeden &hellip; <a href=\"https:\/\/blog.liesdoch.de\/?p=4833\" class=\"more-link\"><span class=\"screen-reader-text\">125 Jahre Hertha BSC<\/span> weiterlesen <span class=\"meta-nav\">&rarr;<\/span><\/a><\/p>\n","protected":false},"author":6,"featured_media":0,"comment_status":"closed","ping_status":"open","sticky":false,"template":"","format":"standard","meta":{"footnotes":""},"categories":[1],"tags":[],"class_list":["post-4833","post","type-post","status-publish","format-standard","hentry","category-allgemein"],"_links":{"self":[{"href":"https:\/\/blog.liesdoch.de\/index.php?rest_route=\/wp\/v2\/posts\/4833","targetHints":{"allow":["GET"]}}],"collection":[{"href":"https:\/\/blog.liesdoch.de\/index.php?rest_route=\/wp\/v2\/posts"}],"about":[{"href":"https:\/\/blog.liesdoch.de\/index.php?rest_route=\/wp\/v2\/types\/post"}],"author":[{"embeddable":true,"href":"https:\/\/blog.liesdoch.de\/index.php?rest_route=\/wp\/v2\/users\/6"}],"replies":[{"embeddable":true,"href":"https:\/\/blog.liesdoch.de\/index.php?rest_route=%2Fwp%2Fv2%2Fcomments&post=4833"}],"version-history":[{"count":1,"href":"https:\/\/blog.liesdoch.de\/index.php?rest_route=\/wp\/v2\/posts\/4833\/revisions"}],"predecessor-version":[{"id":4835,"href":"https:\/\/blog.liesdoch.de\/index.php?rest_route=\/wp\/v2\/posts\/4833\/revisions\/4835"}],"wp:attachment":[{"href":"https:\/\/blog.liesdoch.de\/index.php?rest_route=%2Fwp%2Fv2%2Fmedia&parent=4833"}],"wp:term":[{"taxonomy":"category","embeddable":true,"href":"https:\/\/blog.liesdoch.de\/index.php?rest_route=%2Fwp%2Fv2%2Fcategories&post=4833"},{"taxonomy":"post_tag","embeddable":true,"href":"https:\/\/blog.liesdoch.de\/index.php?rest_route=%2Fwp%2Fv2%2Ftags&post=4833"}],"curies":[{"name":"wp","href":"https:\/\/api.w.org\/{rel}","templated":true}]}}