{"id":4844,"date":"2017-09-06T13:28:20","date_gmt":"2017-09-06T11:28:20","guid":{"rendered":"http:\/\/blog.liesdoch.de\/?p=4844"},"modified":"2017-09-06T13:28:20","modified_gmt":"2017-09-06T11:28:20","slug":"als-die-wolke-bei-uns-wohnte","status":"publish","type":"post","link":"https:\/\/blog.liesdoch.de\/?p=4844","title":{"rendered":"Als die Wolke bei uns wohnte"},"content":{"rendered":"<p>&nbsp;<\/p>\n<p>&nbsp;<\/p>\n<p>&nbsp;<\/p>\n<p>&nbsp;<\/p>\n<p><a href=\"http:\/\/blog.liesdoch.de\/wp-content\/uploads\/2017\/09\/48108998z.jpg\"><img loading=\"lazy\" decoding=\"async\" class=\"alignnone size-medium wp-image-4845\" src=\"http:\/\/blog.liesdoch.de\/wp-content\/uploads\/2017\/09\/48108998z-236x300.jpg\" alt=\"\" width=\"236\" height=\"300\" srcset=\"https:\/\/blog.liesdoch.de\/wp-content\/uploads\/2017\/09\/48108998z-236x300.jpg 236w, https:\/\/blog.liesdoch.de\/wp-content\/uploads\/2017\/09\/48108998z.jpg 330w\" sizes=\"auto, (max-width: 236px) 100vw, 236px\" \/><\/a><\/p>\n<p>&nbsp;<\/p>\n<p>Sabine Bohlmann; Susanne Stra\u00dfer, Als die Wolke bei uns wohnte, Anette Betz Verlag 2017, ISBN 978-3-219-11729-5<\/p>\n<p>&nbsp;<\/p>\n<p>Einem M\u00e4dchen f\u00e4llt auf dem Weg zum Kindergarten eine Wolke auf den Kopf. Es ist eher ein W\u00f6lkchen, denn es passt problemlos in die kleine Kindergartentasche. Das M\u00e4dchen nimmt die Wolke mit nach Hause und will sie dort aufp\u00e4ppeln. Nachdem es einiges ohne Erfolg probiert hat, fragt es seine Mutter, was Wolken essen, und erf\u00e4hrt: Wasserdampf. Das ist mit wenigen Worten (und einer kleinen Skizze) sch\u00f6n anschaulich erkl\u00e4rt, und so bastelt das M\u00e4dchen mit Spielsachen eine Vorrichtung, damit die Wolke Wasserdampf futtern kann.<\/p>\n<p>Es funktioniert, und die Wolke w\u00e4chst. Auf den Illustrationen ist sie eine ganz normale Wolke, ein Gesicht hat sie nicht, sie redet auch nicht. Dennoch ist sie dem M\u00e4dchen ein Freund, mit dem es spielen kann. Eines Tages entdecken Eltern und Bruder die Wolke, reagieren aber gelassen und nehmen die Wolke quasi als neues Familienmitglied auf. Die Wolke w\u00e4chst allerdings rasant und hinterl\u00e4sst st\u00e4ndig Pf\u00fctzen in der Wohnung \u2026 bis der Familienrat beschlie\u00dft, dass es so nicht weitergehen kann. Es hei\u00dft Abschied nehmen. Oder doch nicht?<\/p>\n<p>&nbsp;<\/p>\n<p>Eine\u00a0 sch\u00f6ne Geschichte von einer ungew\u00f6hnlichen\u00a0 Freundschaft, witzig und kontrastreich illustriert.<\/p>\n<p>&nbsp;<\/p>\n","protected":false},"excerpt":{"rendered":"<p>&nbsp; &nbsp; &nbsp; &nbsp; &nbsp; Sabine Bohlmann; Susanne Stra\u00dfer, Als die Wolke bei uns wohnte, Anette Betz Verlag 2017, ISBN 978-3-219-11729-5 &nbsp; Einem M\u00e4dchen f\u00e4llt auf dem Weg zum Kindergarten eine Wolke auf den Kopf. Es ist eher ein W\u00f6lkchen, denn es passt problemlos in die kleine Kindergartentasche. Das M\u00e4dchen nimmt die Wolke mit nach &hellip; <a href=\"https:\/\/blog.liesdoch.de\/?p=4844\" class=\"more-link\"><span class=\"screen-reader-text\">Als die Wolke bei uns wohnte<\/span> weiterlesen <span class=\"meta-nav\">&rarr;<\/span><\/a><\/p>\n","protected":false},"author":6,"featured_media":0,"comment_status":"closed","ping_status":"open","sticky":false,"template":"","format":"standard","meta":{"footnotes":""},"categories":[1],"tags":[],"class_list":["post-4844","post","type-post","status-publish","format-standard","hentry","category-allgemein"],"_links":{"self":[{"href":"https:\/\/blog.liesdoch.de\/index.php?rest_route=\/wp\/v2\/posts\/4844","targetHints":{"allow":["GET"]}}],"collection":[{"href":"https:\/\/blog.liesdoch.de\/index.php?rest_route=\/wp\/v2\/posts"}],"about":[{"href":"https:\/\/blog.liesdoch.de\/index.php?rest_route=\/wp\/v2\/types\/post"}],"author":[{"embeddable":true,"href":"https:\/\/blog.liesdoch.de\/index.php?rest_route=\/wp\/v2\/users\/6"}],"replies":[{"embeddable":true,"href":"https:\/\/blog.liesdoch.de\/index.php?rest_route=%2Fwp%2Fv2%2Fcomments&post=4844"}],"version-history":[{"count":1,"href":"https:\/\/blog.liesdoch.de\/index.php?rest_route=\/wp\/v2\/posts\/4844\/revisions"}],"predecessor-version":[{"id":4846,"href":"https:\/\/blog.liesdoch.de\/index.php?rest_route=\/wp\/v2\/posts\/4844\/revisions\/4846"}],"wp:attachment":[{"href":"https:\/\/blog.liesdoch.de\/index.php?rest_route=%2Fwp%2Fv2%2Fmedia&parent=4844"}],"wp:term":[{"taxonomy":"category","embeddable":true,"href":"https:\/\/blog.liesdoch.de\/index.php?rest_route=%2Fwp%2Fv2%2Fcategories&post=4844"},{"taxonomy":"post_tag","embeddable":true,"href":"https:\/\/blog.liesdoch.de\/index.php?rest_route=%2Fwp%2Fv2%2Ftags&post=4844"}],"curies":[{"name":"wp","href":"https:\/\/api.w.org\/{rel}","templated":true}]}}