{"id":4892,"date":"2017-09-19T15:42:07","date_gmt":"2017-09-19T13:42:07","guid":{"rendered":"http:\/\/blog.liesdoch.de\/?p=4892"},"modified":"2017-09-19T15:42:07","modified_gmt":"2017-09-19T13:42:07","slug":"in-tiefen-schluchten-hoerbuch","status":"publish","type":"post","link":"https:\/\/blog.liesdoch.de\/?p=4892","title":{"rendered":"In tiefen Schluchten (H\u00f6rbuch)"},"content":{"rendered":"<p>&nbsp;<\/p>\n<p>&nbsp;<\/p>\n<p>&nbsp;<\/p>\n<p><a href=\"http:\/\/blog.liesdoch.de\/wp-content\/uploads\/2017\/09\/48221964z.jpg\"><img loading=\"lazy\" decoding=\"async\" class=\"alignnone size-medium wp-image-4893\" src=\"http:\/\/blog.liesdoch.de\/wp-content\/uploads\/2017\/09\/48221964z-284x300.jpg\" alt=\"\" width=\"284\" height=\"300\" srcset=\"https:\/\/blog.liesdoch.de\/wp-content\/uploads\/2017\/09\/48221964z-284x300.jpg 284w, https:\/\/blog.liesdoch.de\/wp-content\/uploads\/2017\/09\/48221964z.jpg 450w\" sizes=\"auto, (max-width: 284px) 100vw, 284px\" \/><\/a><\/p>\n<p>&nbsp;<\/p>\n<p>Anne Chaplet, In tiefen Schluchten (H\u00f6rbuch), Audio Media Verlag 2017, ISBN 978-3-95639-299-7<\/p>\n<p>&nbsp;<\/p>\n<p>Anne Chaplet hat eine neue Krimireihe gestartet, die sie in der wilden Landschaft des Vivarais am Fu\u00dfe der Cevennen spielen l\u00e4sst, wo sie selbst seit vielen Jahrzehnten einen Teil ihres Lebens verbringt. Man sp\u00fcrt ihren Beschreibungen von Natur und Menschen ab, wie sehr sie dieses Land liebt und wie sie sich immer wieder mit ihm und seinen Bewohnern auseinandersetzt. Die sind n\u00e4mlich in einer langen auf die Hugenotten zur\u00fcckgehenden Tradition in ihrer Mehrheit rebellisch. Viele Aussteiger und Propheten leben dort und halten die alten Traditionen hoch. Nicht immer gleich verst\u00e4ndlich und nachvollziehbar f\u00fcr Fremde, die sich dort niedergelassen haben. So wie die 42 \u2013 j\u00e4hrige, frisch verwitwete Tori Gordon, eine ehemalige Anw\u00e4ltin aus Deutschland, die sich dort niedergelassen hat und nach einer neuen Lebensaufgabe sucht.<\/p>\n<p>&nbsp;<\/p>\n<p>Ihre Freundin Eva betreibt eine kleine Pension. Dort ist ein niederl\u00e4ndischer H\u00f6hlenforscher abgestiegen. Nach wenigen Tagen schon ist er spurlos verschwunden und Eva ist nicht geneigt, viel zu einer Suche nach ihm beizutragen. Tori allerdings ist von der ersten Minute an beunruhigt, erst recht, nachdem der alte Didier Thibon, der ihr schon seit langem immer wieder von sagenhaften Sch\u00e4tzen und Schmugglerverstecken in den zahlreichen H\u00f6hlen der Umgebung erz\u00e4hlte, tot aufgefunden wird. Tori wird misstrauisch und macht sich in der Schluchten der wilden Landschaft auf die Suche und bringt sich dabei selber in Lebensgefahr.<\/p>\n<p>&nbsp;<\/p>\n<p>Wie h\u00e4ngen die Aktivit\u00e4ten des Holl\u00e4nders mit den Hugenotten zusammen, die in dieser Region einst Zuflucht fanden? Und was hat das alles mit der Geschichte des Dorfes zu tun? Das fragt sie sich, w\u00e4hrend sie selbst auf Rettung wartet.<\/p>\n<p>&nbsp;<\/p>\n<p>Anne Chaplet verbindet, \u00e4hnlich wie das Martin Walker und Jean-Luc Bannalec mit ihren Krimireihen seit etlichen Jahren tun, spannende Kriminalf\u00e4lle mit franz\u00f6sischer Geschichte, haupts\u00e4chlich der dort noch weitgehend unbearbeiteten Zeit des Zweiten Weltkriegs und der deutschen Besatzung. Bei Chaplet kommt in der neuen Reihe noch dazu, dass die spezielle, durch die rebellischen Hugenotten gepr\u00e4gte Eigenart der Menschen und Traditionen in den Cevennen beschrieben wird.<\/p>\n<p>&nbsp;<\/p>\n<p>Ich war von der ersten Seite an in der Handlung drin, und konnte das Buch kaum aus der Hand legen, bis ich zu einem sehr \u00fcberraschenden Ende gelangt war.<\/p>\n<p>&nbsp;<\/p>\n<p>Das H\u00f6ren der von der Autorin selbst gelesenen H\u00f6rbuchfassung hat mich noch viel mehr als das Lesen des Buches in eine Welt entf\u00fchrt, in der sich Vergangenheit und Gegenwart ganz nah sind, in eine faszinierende Natur und zu Menschen, bei deren Schilderung man sp\u00fcrt, dass Anne Chaplet ihnen in der eine oder anderen Weise selbst begegnet ist. Mit viel Eigensinn, Charme und Esprit macht sie ihren eigenen Krimi zu einem echten H\u00f6rerlebnis.<\/p>\n<p>&nbsp;<\/p>\n<p>Ich freue mich auf den hoffentlich zweiten Band der Reihe.<\/p>\n<p>&nbsp;<\/p>\n<p>&nbsp;<\/p>\n<p>&nbsp;<\/p>\n<p>&nbsp;<\/p>\n","protected":false},"excerpt":{"rendered":"<p>&nbsp; &nbsp; &nbsp; &nbsp; Anne Chaplet, In tiefen Schluchten (H\u00f6rbuch), Audio Media Verlag 2017, ISBN 978-3-95639-299-7 &nbsp; Anne Chaplet hat eine neue Krimireihe gestartet, die sie in der wilden Landschaft des Vivarais am Fu\u00dfe der Cevennen spielen l\u00e4sst, wo sie selbst seit vielen Jahrzehnten einen Teil ihres Lebens verbringt. Man sp\u00fcrt ihren Beschreibungen von Natur &hellip; <a href=\"https:\/\/blog.liesdoch.de\/?p=4892\" class=\"more-link\"><span class=\"screen-reader-text\">In tiefen Schluchten (H\u00f6rbuch)<\/span> weiterlesen <span class=\"meta-nav\">&rarr;<\/span><\/a><\/p>\n","protected":false},"author":6,"featured_media":0,"comment_status":"closed","ping_status":"open","sticky":false,"template":"","format":"standard","meta":{"footnotes":""},"categories":[1],"tags":[],"class_list":["post-4892","post","type-post","status-publish","format-standard","hentry","category-allgemein"],"_links":{"self":[{"href":"https:\/\/blog.liesdoch.de\/index.php?rest_route=\/wp\/v2\/posts\/4892","targetHints":{"allow":["GET"]}}],"collection":[{"href":"https:\/\/blog.liesdoch.de\/index.php?rest_route=\/wp\/v2\/posts"}],"about":[{"href":"https:\/\/blog.liesdoch.de\/index.php?rest_route=\/wp\/v2\/types\/post"}],"author":[{"embeddable":true,"href":"https:\/\/blog.liesdoch.de\/index.php?rest_route=\/wp\/v2\/users\/6"}],"replies":[{"embeddable":true,"href":"https:\/\/blog.liesdoch.de\/index.php?rest_route=%2Fwp%2Fv2%2Fcomments&post=4892"}],"version-history":[{"count":1,"href":"https:\/\/blog.liesdoch.de\/index.php?rest_route=\/wp\/v2\/posts\/4892\/revisions"}],"predecessor-version":[{"id":4894,"href":"https:\/\/blog.liesdoch.de\/index.php?rest_route=\/wp\/v2\/posts\/4892\/revisions\/4894"}],"wp:attachment":[{"href":"https:\/\/blog.liesdoch.de\/index.php?rest_route=%2Fwp%2Fv2%2Fmedia&parent=4892"}],"wp:term":[{"taxonomy":"category","embeddable":true,"href":"https:\/\/blog.liesdoch.de\/index.php?rest_route=%2Fwp%2Fv2%2Fcategories&post=4892"},{"taxonomy":"post_tag","embeddable":true,"href":"https:\/\/blog.liesdoch.de\/index.php?rest_route=%2Fwp%2Fv2%2Ftags&post=4892"}],"curies":[{"name":"wp","href":"https:\/\/api.w.org\/{rel}","templated":true}]}}