{"id":4911,"date":"2017-09-20T08:40:27","date_gmt":"2017-09-20T06:40:27","guid":{"rendered":"http:\/\/blog.liesdoch.de\/?p=4911"},"modified":"2017-09-20T08:40:27","modified_gmt":"2017-09-20T06:40:27","slug":"die-deutschen-und-ihre-kolonien","status":"publish","type":"post","link":"https:\/\/blog.liesdoch.de\/?p=4911","title":{"rendered":"Die Deutschen und ihre Kolonien"},"content":{"rendered":"<p>&nbsp;<\/p>\n<p>&nbsp;<\/p>\n<p>&nbsp;<\/p>\n<p>&nbsp;<\/p>\n<p><a href=\"http:\/\/blog.liesdoch.de\/wp-content\/uploads\/2017\/09\/47116959z.jpg\"><img loading=\"lazy\" decoding=\"async\" class=\"alignnone size-medium wp-image-4912\" src=\"http:\/\/blog.liesdoch.de\/wp-content\/uploads\/2017\/09\/47116959z-195x300.jpg\" alt=\"\" width=\"195\" height=\"300\" srcset=\"https:\/\/blog.liesdoch.de\/wp-content\/uploads\/2017\/09\/47116959z-195x300.jpg 195w, https:\/\/blog.liesdoch.de\/wp-content\/uploads\/2017\/09\/47116959z.jpg 273w\" sizes=\"auto, (max-width: 195px) 100vw, 195px\" \/><\/a><\/p>\n<p>&nbsp;<\/p>\n<p>Horst Gr\u00fcnder (Hg.), Die Deutschen und ihre Kolonien, Bebra Verlag 2017, ISBN 978-3-89809-137-4<\/p>\n<p>&nbsp;<\/p>\n<p>Vor \u00fcber 100 Jahren besa\u00df Deutschland ein Kolonialreich, das von Togo in Westafrika bis zu den Inseln Samoas im Pazifik reichte. Dieses Buch erz\u00e4hlt die Geschichte der deutschen Expansion von den Anf\u00e4ngen im 17. Jahrhundert bis zu ihrem Ende im Ersten Weltkrieg. Dabei geraten die politischen Hintergr\u00fcnde genauso in den Blick wie die praktischen Auswirkungen der deutschen Herrschaft auf die Bev\u00f6lkerung vor Ort im Positiven wie im Negativen.<\/p>\n<p>&nbsp;<\/p>\n<p>Die beiden Herausgeber Horst Gr\u00fcnder und Hermann Hiery verfolgen dabei einen Ansatz, der nach einem \u00dcberblick \u00fcber die einzelnen Kolonien in einer geographischen Ordnung den Alltag dort in verschiedenen Kapiteln beschreibt. Ein Thema wird von einem Autor jeweils kolonie\u00fcbergreifend bearbeitet. Das hilft, die Fakten im Kontext zu betrachten, und permanentes R\u00fcckbl\u00e4ttern entf\u00e4llt.<\/p>\n<p>&nbsp;<\/p>\n<p>War der deutsche Kolonialismus ein von systemischem Rassismus gepr\u00e4gter \u00dcberfall auf L\u00e4nder in \u00dcbersee? Spielte das Profitstreben einzelner Unternehmer die ausschlaggebende Rolle, ging es um politisches Machtkalk\u00fcl, oder glaubte man wirklich an eine \u201ezivilisatorische Mission\u201c? Die verschiedenen Aufs\u00e4tze (leider ist kein afrikanischer Historiker dabei) zeigen, dass das koloniale Abenteuer, von dem sich der popul\u00e4re Theologe Friedrich Fabri 1879 \u201eMassenauswanderung als Folge der wachsenden Bev\u00f6lkerung\u201c, Zugang zu Rohstoffen und eine offensive \u201edeutsche Kulturmission\u201c versprach, auf gro\u00dfe politische Widerst\u00e4nde traf.<\/p>\n<p>&nbsp;<\/p>\n<p>&nbsp;<\/p>\n","protected":false},"excerpt":{"rendered":"<p>&nbsp; &nbsp; &nbsp; &nbsp; &nbsp; Horst Gr\u00fcnder (Hg.), Die Deutschen und ihre Kolonien, Bebra Verlag 2017, ISBN 978-3-89809-137-4 &nbsp; Vor \u00fcber 100 Jahren besa\u00df Deutschland ein Kolonialreich, das von Togo in Westafrika bis zu den Inseln Samoas im Pazifik reichte. Dieses Buch erz\u00e4hlt die Geschichte der deutschen Expansion von den Anf\u00e4ngen im 17. Jahrhundert bis &hellip; <a href=\"https:\/\/blog.liesdoch.de\/?p=4911\" class=\"more-link\"><span class=\"screen-reader-text\">Die Deutschen und ihre Kolonien<\/span> weiterlesen <span class=\"meta-nav\">&rarr;<\/span><\/a><\/p>\n","protected":false},"author":6,"featured_media":0,"comment_status":"closed","ping_status":"open","sticky":false,"template":"","format":"standard","meta":{"footnotes":""},"categories":[1],"tags":[],"class_list":["post-4911","post","type-post","status-publish","format-standard","hentry","category-allgemein"],"_links":{"self":[{"href":"https:\/\/blog.liesdoch.de\/index.php?rest_route=\/wp\/v2\/posts\/4911","targetHints":{"allow":["GET"]}}],"collection":[{"href":"https:\/\/blog.liesdoch.de\/index.php?rest_route=\/wp\/v2\/posts"}],"about":[{"href":"https:\/\/blog.liesdoch.de\/index.php?rest_route=\/wp\/v2\/types\/post"}],"author":[{"embeddable":true,"href":"https:\/\/blog.liesdoch.de\/index.php?rest_route=\/wp\/v2\/users\/6"}],"replies":[{"embeddable":true,"href":"https:\/\/blog.liesdoch.de\/index.php?rest_route=%2Fwp%2Fv2%2Fcomments&post=4911"}],"version-history":[{"count":1,"href":"https:\/\/blog.liesdoch.de\/index.php?rest_route=\/wp\/v2\/posts\/4911\/revisions"}],"predecessor-version":[{"id":4913,"href":"https:\/\/blog.liesdoch.de\/index.php?rest_route=\/wp\/v2\/posts\/4911\/revisions\/4913"}],"wp:attachment":[{"href":"https:\/\/blog.liesdoch.de\/index.php?rest_route=%2Fwp%2Fv2%2Fmedia&parent=4911"}],"wp:term":[{"taxonomy":"category","embeddable":true,"href":"https:\/\/blog.liesdoch.de\/index.php?rest_route=%2Fwp%2Fv2%2Fcategories&post=4911"},{"taxonomy":"post_tag","embeddable":true,"href":"https:\/\/blog.liesdoch.de\/index.php?rest_route=%2Fwp%2Fv2%2Ftags&post=4911"}],"curies":[{"name":"wp","href":"https:\/\/api.w.org\/{rel}","templated":true}]}}