{"id":4917,"date":"2017-09-20T08:41:44","date_gmt":"2017-09-20T06:41:44","guid":{"rendered":"http:\/\/blog.liesdoch.de\/?p=4917"},"modified":"2017-09-20T08:41:44","modified_gmt":"2017-09-20T06:41:44","slug":"elmar-und-der-ohrwurm","status":"publish","type":"post","link":"https:\/\/blog.liesdoch.de\/?p=4917","title":{"rendered":"Elmar und der Ohrwurm"},"content":{"rendered":"<p>&nbsp;<\/p>\n<p>&nbsp;<\/p>\n<p>&nbsp;<\/p>\n<p>&nbsp;<\/p>\n<p><a href=\"http:\/\/blog.liesdoch.de\/wp-content\/uploads\/2017\/09\/48082205z.jpg\"><img loading=\"lazy\" decoding=\"async\" class=\"alignnone size-medium wp-image-4918\" src=\"http:\/\/blog.liesdoch.de\/wp-content\/uploads\/2017\/09\/48082205z-259x300.jpg\" alt=\"\" width=\"259\" height=\"300\" srcset=\"https:\/\/blog.liesdoch.de\/wp-content\/uploads\/2017\/09\/48082205z-259x300.jpg 259w, https:\/\/blog.liesdoch.de\/wp-content\/uploads\/2017\/09\/48082205z.jpg 410w\" sizes=\"auto, (max-width: 259px) 100vw, 259px\" \/><\/a><\/p>\n<p>&nbsp;<\/p>\n<p>David McKee, Elmar und der Ohrwurm, Thienemann 2017, ISBN 978-3-522-45860-3<\/p>\n<p>&nbsp;<\/p>\n<p>&nbsp;<\/p>\n<p>Mit dem buntkarierten Elefanten Elmar und seinem schwarz-wei\u00df karierten Cousin Willi hat der Engl\u00e4nder David McKee Bilderbuchfiguren geschaffen, die nicht nur in seinem Heimatland England viele Kinder begeistern.<\/p>\n<p>&nbsp;<\/p>\n<p>Der Thienemann Verlag hat sich in Deutschland dem kleinen Elmar angenommen und mittlerweile 28 Bilderb\u00fccher \u00fcber Elmar ver\u00f6ffentlicht (sie sind alle noch lieferbar).<\/p>\n<p>&nbsp;<\/p>\n<p>Die Geschichten von Elmar sind nicht nur spannend, sie sind durchweg lustig und stecken voller wichtiger Wissensinformationen f\u00fcr Vorschulkinder.\u00a0 Im neuen Buch \u201eElmar und der Ohrwurm\u201c folgen Elmar und seine Freundin Rosa bei einem Gang durch den Urwald einem Ph\u00e4nomen des Ohrwurms, also einer Melodie, die einem nicht m ehr aus dem Kopf. Nachdem Rosa eine solche Melodie gesummt hat,\u00a0 geht sie Elmar nicht mehr aus dem Kopf und er steckt auch andere Tiere damit an. Denen geht es genauso. Erst als Elmar vorschl\u00e4gt, gemeinsam ein Geburtstagslied zu singen f\u00fcr irgendjemand, der heute Geburtstag feiert.<\/p>\n<p>&nbsp;<\/p>\n<p>Und die Idee Elmars funktioniert. Er ist eben ein Schlitzohr!<\/p>\n<p>&nbsp;<\/p>\n<p>&nbsp;<\/p>\n<p>Der kleine Elefant Elmar ist Bilderbuchkult.<\/p>\n<p>&nbsp;<\/p>\n<p>&nbsp;<\/p>\n<p>&nbsp;<\/p>\n","protected":false},"excerpt":{"rendered":"<p>&nbsp; &nbsp; &nbsp; &nbsp; &nbsp; David McKee, Elmar und der Ohrwurm, Thienemann 2017, ISBN 978-3-522-45860-3 &nbsp; &nbsp; Mit dem buntkarierten Elefanten Elmar und seinem schwarz-wei\u00df karierten Cousin Willi hat der Engl\u00e4nder David McKee Bilderbuchfiguren geschaffen, die nicht nur in seinem Heimatland England viele Kinder begeistern. &nbsp; Der Thienemann Verlag hat sich in Deutschland dem kleinen &hellip; <a href=\"https:\/\/blog.liesdoch.de\/?p=4917\" class=\"more-link\"><span class=\"screen-reader-text\">Elmar und der Ohrwurm<\/span> weiterlesen <span class=\"meta-nav\">&rarr;<\/span><\/a><\/p>\n","protected":false},"author":6,"featured_media":0,"comment_status":"closed","ping_status":"open","sticky":false,"template":"","format":"standard","meta":{"footnotes":""},"categories":[1],"tags":[],"class_list":["post-4917","post","type-post","status-publish","format-standard","hentry","category-allgemein"],"_links":{"self":[{"href":"https:\/\/blog.liesdoch.de\/index.php?rest_route=\/wp\/v2\/posts\/4917","targetHints":{"allow":["GET"]}}],"collection":[{"href":"https:\/\/blog.liesdoch.de\/index.php?rest_route=\/wp\/v2\/posts"}],"about":[{"href":"https:\/\/blog.liesdoch.de\/index.php?rest_route=\/wp\/v2\/types\/post"}],"author":[{"embeddable":true,"href":"https:\/\/blog.liesdoch.de\/index.php?rest_route=\/wp\/v2\/users\/6"}],"replies":[{"embeddable":true,"href":"https:\/\/blog.liesdoch.de\/index.php?rest_route=%2Fwp%2Fv2%2Fcomments&post=4917"}],"version-history":[{"count":1,"href":"https:\/\/blog.liesdoch.de\/index.php?rest_route=\/wp\/v2\/posts\/4917\/revisions"}],"predecessor-version":[{"id":4919,"href":"https:\/\/blog.liesdoch.de\/index.php?rest_route=\/wp\/v2\/posts\/4917\/revisions\/4919"}],"wp:attachment":[{"href":"https:\/\/blog.liesdoch.de\/index.php?rest_route=%2Fwp%2Fv2%2Fmedia&parent=4917"}],"wp:term":[{"taxonomy":"category","embeddable":true,"href":"https:\/\/blog.liesdoch.de\/index.php?rest_route=%2Fwp%2Fv2%2Fcategories&post=4917"},{"taxonomy":"post_tag","embeddable":true,"href":"https:\/\/blog.liesdoch.de\/index.php?rest_route=%2Fwp%2Fv2%2Ftags&post=4917"}],"curies":[{"name":"wp","href":"https:\/\/api.w.org\/{rel}","templated":true}]}}