{"id":4927,"date":"2017-09-25T12:51:39","date_gmt":"2017-09-25T10:51:39","guid":{"rendered":"http:\/\/blog.liesdoch.de\/?p=4927"},"modified":"2017-09-25T12:56:18","modified_gmt":"2017-09-25T10:56:18","slug":"4927","status":"publish","type":"post","link":"https:\/\/blog.liesdoch.de\/?p=4927","title":{"rendered":"Wiener Stra\u00dfe"},"content":{"rendered":"<p>&nbsp;<\/p>\n<p>&nbsp;<\/p>\n<p>&nbsp;<\/p>\n<p>&nbsp;<\/p>\n<p><a href=\"http:\/\/blog.liesdoch.de\/wp-content\/uploads\/2017\/09\/48166293z.jpg\"><img loading=\"lazy\" decoding=\"async\" class=\"alignnone size-medium wp-image-4928\" src=\"http:\/\/blog.liesdoch.de\/wp-content\/uploads\/2017\/09\/48166293z-183x300.jpg\" alt=\"\" width=\"183\" height=\"300\" srcset=\"https:\/\/blog.liesdoch.de\/wp-content\/uploads\/2017\/09\/48166293z-183x300.jpg 183w, https:\/\/blog.liesdoch.de\/wp-content\/uploads\/2017\/09\/48166293z.jpg 256w\" sizes=\"auto, (max-width: 183px) 100vw, 183px\" \/><\/a><\/p>\n<p>&nbsp;<\/p>\n<p>Sven Regener, Wiener Stra\u00dfe, Galiani 2017, ISBN 978-3-86971-136-2<\/p>\n<p>&nbsp;<\/p>\n<p>Nicht ganz chronologisch entf\u00fchrt Sven Regener in seinem neuen Roman den Leser seiner bisherigen Lehmann-Romane ins das Berlin im Jahr 1980. Frank Lehmann ist noch neu in Berlin, erinnert sich oft an seinen bisherigen Wohnort in der Neuen Vahr S\u00fcd. Irgendwie muss er sich durchschlagen und schlie\u00dft sich einer verr\u00fcckten Truppe an, die in der Zukunft sein Leben weiter beeinflussen wird.<\/p>\n<p>&nbsp;<\/p>\n<p>Im Cafe Einfall in der Wiener Stra\u00dfe begegnen wir einer Gruppe von eigenwilligen Menschen und Charakteren, die Regener so \u00fcberzeichnet,\u00a0 dass sich das Buch liest, wie man eine Sitcom anschaut. Man h\u00f6rt beim Lesen quasi die eingeblendeten Lacher. Die in der Nachbarschaft in einem besetzten Haus lebende Kunsttruppe ArschArt ist da keinen\u00a0 Deut besser.\u00a0 Ihr Boss P.Immel und der Aktionsk\u00fcnstler H.R. Ledigt halten, was ihre lustigen Namen versprechen.<\/p>\n<p>&nbsp;<\/p>\n<p>Allesamt sind sie schr\u00e4ge V\u00f6gel, die sich in einer schr\u00e4gen Welt zu behaupten wissen. Die permanent \u00fcberzeichnete Sprache Regeners ist genauso derb, witzig und bizarr wie seine vielen beschriebenen seltsamen Protagonisten.<\/p>\n<p>&nbsp;<\/p>\n<p>Das Buch stand auf der Longlist f\u00fcr den Deutschen Buchpreis 2017 und hat es aber nicht auf die Shortlist geschafft. Vielleicht den Kritikern zu schr\u00e4g ?<\/p>\n<p>&nbsp;<\/p>\n<p>&nbsp;<\/p>\n<p>&nbsp;<\/p>\n<p>&nbsp;<\/p>\n","protected":false},"excerpt":{"rendered":"<p>&nbsp; &nbsp; &nbsp; &nbsp; &nbsp; Sven Regener, Wiener Stra\u00dfe, Galiani 2017, ISBN 978-3-86971-136-2 &nbsp; Nicht ganz chronologisch entf\u00fchrt Sven Regener in seinem neuen Roman den Leser seiner bisherigen Lehmann-Romane ins das Berlin im Jahr 1980. Frank Lehmann ist noch neu in Berlin, erinnert sich oft an seinen bisherigen Wohnort in der Neuen Vahr S\u00fcd. Irgendwie &hellip; <a href=\"https:\/\/blog.liesdoch.de\/?p=4927\" class=\"more-link\"><span class=\"screen-reader-text\">Wiener Stra\u00dfe<\/span> weiterlesen <span class=\"meta-nav\">&rarr;<\/span><\/a><\/p>\n","protected":false},"author":6,"featured_media":0,"comment_status":"closed","ping_status":"open","sticky":false,"template":"","format":"standard","meta":{"footnotes":""},"categories":[1],"tags":[],"class_list":["post-4927","post","type-post","status-publish","format-standard","hentry","category-allgemein"],"_links":{"self":[{"href":"https:\/\/blog.liesdoch.de\/index.php?rest_route=\/wp\/v2\/posts\/4927","targetHints":{"allow":["GET"]}}],"collection":[{"href":"https:\/\/blog.liesdoch.de\/index.php?rest_route=\/wp\/v2\/posts"}],"about":[{"href":"https:\/\/blog.liesdoch.de\/index.php?rest_route=\/wp\/v2\/types\/post"}],"author":[{"embeddable":true,"href":"https:\/\/blog.liesdoch.de\/index.php?rest_route=\/wp\/v2\/users\/6"}],"replies":[{"embeddable":true,"href":"https:\/\/blog.liesdoch.de\/index.php?rest_route=%2Fwp%2Fv2%2Fcomments&post=4927"}],"version-history":[{"count":2,"href":"https:\/\/blog.liesdoch.de\/index.php?rest_route=\/wp\/v2\/posts\/4927\/revisions"}],"predecessor-version":[{"id":4931,"href":"https:\/\/blog.liesdoch.de\/index.php?rest_route=\/wp\/v2\/posts\/4927\/revisions\/4931"}],"wp:attachment":[{"href":"https:\/\/blog.liesdoch.de\/index.php?rest_route=%2Fwp%2Fv2%2Fmedia&parent=4927"}],"wp:term":[{"taxonomy":"category","embeddable":true,"href":"https:\/\/blog.liesdoch.de\/index.php?rest_route=%2Fwp%2Fv2%2Fcategories&post=4927"},{"taxonomy":"post_tag","embeddable":true,"href":"https:\/\/blog.liesdoch.de\/index.php?rest_route=%2Fwp%2Fv2%2Ftags&post=4927"}],"curies":[{"name":"wp","href":"https:\/\/api.w.org\/{rel}","templated":true}]}}