{"id":4932,"date":"2017-09-26T11:22:04","date_gmt":"2017-09-26T09:22:04","guid":{"rendered":"http:\/\/blog.liesdoch.de\/?p=4932"},"modified":"2017-09-26T11:22:04","modified_gmt":"2017-09-26T09:22:04","slug":"guten-morgen-abendland-der-westen-am-beginn-einer-neuen-epoche-ein-weckruf","status":"publish","type":"post","link":"https:\/\/blog.liesdoch.de\/?p=4932","title":{"rendered":"Guten Morgen, Abendland. Der Westen am Beginn einer neuen Epoche. Ein Weckruf"},"content":{"rendered":"<p>&nbsp;<\/p>\n<p>&nbsp;<\/p>\n<p>&nbsp;<\/p>\n<p>&nbsp;<\/p>\n<p><a href=\"http:\/\/blog.liesdoch.de\/wp-content\/uploads\/2017\/09\/48167634z.jpg\"><img loading=\"lazy\" decoding=\"async\" class=\"alignnone size-medium wp-image-4933\" src=\"http:\/\/blog.liesdoch.de\/wp-content\/uploads\/2017\/09\/48167634z-184x300.jpg\" alt=\"\" width=\"184\" height=\"300\" srcset=\"https:\/\/blog.liesdoch.de\/wp-content\/uploads\/2017\/09\/48167634z-184x300.jpg 184w, https:\/\/blog.liesdoch.de\/wp-content\/uploads\/2017\/09\/48167634z.jpg 257w\" sizes=\"auto, (max-width: 184px) 100vw, 184px\" \/><\/a><\/p>\n<p>&nbsp;<\/p>\n<p>Bernd Ulrich, Guten Morgen, Abendland. Der Westen am Beginn einer neuen Epoche. Ein Weckruf, Kiepenheuer &amp; Witsch 2017, ISBN 978-3-462-05049-3<\/p>\n<p>&nbsp;<\/p>\n<p>Er steckt den Kopf nicht in den Sand, bel\u00e4sst seine politischen Kommentare und Analysen nicht im Jammern und Klagen \u00fcber die \u201eWelt aus den Fugen\u201c, sondern Bernd Ulrich, Leiter der Politik-Redaktion der Wochenzeitung \u201eDie Zeit\u201c entwirft in dem vorliegenden Essayband in insgesamt zehn thematischen Zug\u00e4ngen ein \u00fcberzeugender politischer Analyse und politischer Bestandsaufnahme ein Epochenbild, das wir in den n\u00e4chsten Monaten und Jahren in der politischen Kultur unseres Landes und zur Unterf\u00fctterung von noch mehr n\u00f6tigen demokratischen Engagements der B\u00fcrger noch dringend brauchen werden und auf dessen Elemente nach der Wahl hoffentlich noch viele zur\u00fcckkommen werden.<\/p>\n<p>&nbsp;<\/p>\n<p>Ulrich glaubt, die Ersch\u00fctterungen der letzten Jahre (Trump, Brexit, Fl\u00fcchtlingskrise, autorit\u00e4re Staaten mitten in der EU) sind notwendig, um der \u00d6ffentlichkeit unseres Landes die Augen zu \u00f6ffnen f\u00fcr die Ursachen, die viel zu lange verdr\u00e4ngt worden sind: die Wucht, mit der die weltweiten Krisenherde an unser Leben unmittelbar heranr\u00fccken, und die grotesken und obsz\u00f6nen Ungerechtigkeiten, die so sichtbar werden und die sich die Opfer nicht mehr bieten lassen, bei uns und weltweit &#8230;<\/p>\n<p>&nbsp;<\/p>\n<p>F\u00fcr Deutschland und erst recht f\u00fcr Europa sieht er eine Zukunft weisen als Mittler zwischen Ost und West und als K\u00fcmmerer f\u00fcr Afrika. Bei aller zum Teil sehr ern\u00fcchternder Analyse, die zeigt, dass die alten Zeiten endg\u00fcltig vorbei sind, gibt Ulrich die Hoffnung nicht auf wenn er am Ende schreibt: &#8222;Am Ende wird der Wille zur Demokratie einen Weg zur Gerechtigkeit finden.&#8220;<\/p>\n<p>&nbsp;<\/p>\n<p>M\u00f6ge er Recht behalten und m\u00f6gen sich auch nach der Wahl zum Bundestag dort und in einer kritischen \u00d6ffentlichkeit genug Stimmen finden, die in diese Hoffnung miteinstimmen und ihre Politik danach ausrichten.<\/p>\n","protected":false},"excerpt":{"rendered":"<p>&nbsp; &nbsp; &nbsp; &nbsp; &nbsp; Bernd Ulrich, Guten Morgen, Abendland. Der Westen am Beginn einer neuen Epoche. Ein Weckruf, Kiepenheuer &amp; Witsch 2017, ISBN 978-3-462-05049-3 &nbsp; Er steckt den Kopf nicht in den Sand, bel\u00e4sst seine politischen Kommentare und Analysen nicht im Jammern und Klagen \u00fcber die \u201eWelt aus den Fugen\u201c, sondern Bernd Ulrich, Leiter &hellip; <a href=\"https:\/\/blog.liesdoch.de\/?p=4932\" class=\"more-link\"><span class=\"screen-reader-text\">Guten Morgen, Abendland. Der Westen am Beginn einer neuen Epoche. Ein Weckruf<\/span> weiterlesen <span class=\"meta-nav\">&rarr;<\/span><\/a><\/p>\n","protected":false},"author":6,"featured_media":0,"comment_status":"closed","ping_status":"open","sticky":false,"template":"","format":"standard","meta":{"footnotes":""},"categories":[1],"tags":[],"class_list":["post-4932","post","type-post","status-publish","format-standard","hentry","category-allgemein"],"_links":{"self":[{"href":"https:\/\/blog.liesdoch.de\/index.php?rest_route=\/wp\/v2\/posts\/4932","targetHints":{"allow":["GET"]}}],"collection":[{"href":"https:\/\/blog.liesdoch.de\/index.php?rest_route=\/wp\/v2\/posts"}],"about":[{"href":"https:\/\/blog.liesdoch.de\/index.php?rest_route=\/wp\/v2\/types\/post"}],"author":[{"embeddable":true,"href":"https:\/\/blog.liesdoch.de\/index.php?rest_route=\/wp\/v2\/users\/6"}],"replies":[{"embeddable":true,"href":"https:\/\/blog.liesdoch.de\/index.php?rest_route=%2Fwp%2Fv2%2Fcomments&post=4932"}],"version-history":[{"count":1,"href":"https:\/\/blog.liesdoch.de\/index.php?rest_route=\/wp\/v2\/posts\/4932\/revisions"}],"predecessor-version":[{"id":4934,"href":"https:\/\/blog.liesdoch.de\/index.php?rest_route=\/wp\/v2\/posts\/4932\/revisions\/4934"}],"wp:attachment":[{"href":"https:\/\/blog.liesdoch.de\/index.php?rest_route=%2Fwp%2Fv2%2Fmedia&parent=4932"}],"wp:term":[{"taxonomy":"category","embeddable":true,"href":"https:\/\/blog.liesdoch.de\/index.php?rest_route=%2Fwp%2Fv2%2Fcategories&post=4932"},{"taxonomy":"post_tag","embeddable":true,"href":"https:\/\/blog.liesdoch.de\/index.php?rest_route=%2Fwp%2Fv2%2Ftags&post=4932"}],"curies":[{"name":"wp","href":"https:\/\/api.w.org\/{rel}","templated":true}]}}