{"id":4951,"date":"2017-10-02T12:00:35","date_gmt":"2017-10-02T10:00:35","guid":{"rendered":"http:\/\/blog.liesdoch.de\/?p=4951"},"modified":"2017-10-02T12:00:35","modified_gmt":"2017-10-02T10:00:35","slug":"frida-kahlo-und-ihre-tiere","status":"publish","type":"post","link":"https:\/\/blog.liesdoch.de\/?p=4951","title":{"rendered":"Frida Kahlo und ihre Tiere"},"content":{"rendered":"<p>&nbsp;<\/p>\n<p>&nbsp;<\/p>\n<p><a href=\"http:\/\/blog.liesdoch.de\/wp-content\/uploads\/2017\/10\/48081874z.jpg\"><img loading=\"lazy\" decoding=\"async\" class=\"alignnone size-medium wp-image-4952\" src=\"http:\/\/blog.liesdoch.de\/wp-content\/uploads\/2017\/10\/48081874z-251x300.jpg\" alt=\"\" width=\"251\" height=\"300\" srcset=\"https:\/\/blog.liesdoch.de\/wp-content\/uploads\/2017\/10\/48081874z-251x300.jpg 251w, https:\/\/blog.liesdoch.de\/wp-content\/uploads\/2017\/10\/48081874z.jpg 340w\" sizes=\"auto, (max-width: 251px) 100vw, 251px\" \/><\/a><\/p>\n<p>&nbsp;<\/p>\n<p>Monica Brown, John Parra, Frida Kahlo und ihre Tiere, NordS\u00fcd Verlag 2017, ISBN 978-3-314-10411-4<\/p>\n<p>&nbsp;<\/p>\n<p>In diesem Jahr j\u00e4hrt sich der Geburtstag der K\u00fcnstlerin Frida Kahlo zum 110. Mal. Aus diesem Anlass hat die amerikanische K\u00fcnstlerin mit peruanischen Wurzeln Monica Brown zusammen mit dem Illustrator John Parra ein Bilderbuch gemacht, das unter dem Titel \u201eFrida Kahlo und ihre Tiere\u201c Kindern Frida Kahlos Kunst und Leben n\u00e4her bringen soll.<\/p>\n<p>&nbsp;<\/p>\n<p>Tats\u00e4chlich sind auf vielen Bildern, die Frida Kahlo gemalt hat, Tiere zu sehen. Schon in ihrer Kindheit hatte sie zu ihren Tieren eine ganz besondere Beziehung. Zwei Affen waren darunter, ein Papagei, drei Hunde. Zwei Truth\u00e4hne, ein Adler, ein schwarzer Kater und ein Rehkitz.<\/p>\n<p>&nbsp;<\/p>\n<p>Zart und vorsichtig deutet die erz\u00e4hlte Geschichte auch ihre schwere Krankheit an und ihre Beziehung zu\u00a0 Diego Rivera. Das, was Monica Brown und die wunderbar gelungenen Illustrationen von John Parra intendieren, kommt beim Betrachten und Vorlesen kindgerecht r\u00fcber:\u00a0 dass die Kunst auch ein Geschenk ist an diejenigen, die mit einer Krankheit zu k\u00e4mpfen haben. Aus Schmerz Sch\u00f6nheit machen und mitten im Leid Kraft finden.<\/p>\n","protected":false},"excerpt":{"rendered":"<p>&nbsp; &nbsp; &nbsp; Monica Brown, John Parra, Frida Kahlo und ihre Tiere, NordS\u00fcd Verlag 2017, ISBN 978-3-314-10411-4 &nbsp; In diesem Jahr j\u00e4hrt sich der Geburtstag der K\u00fcnstlerin Frida Kahlo zum 110. Mal. Aus diesem Anlass hat die amerikanische K\u00fcnstlerin mit peruanischen Wurzeln Monica Brown zusammen mit dem Illustrator John Parra ein Bilderbuch gemacht, das unter &hellip; <a href=\"https:\/\/blog.liesdoch.de\/?p=4951\" class=\"more-link\"><span class=\"screen-reader-text\">Frida Kahlo und ihre Tiere<\/span> weiterlesen <span class=\"meta-nav\">&rarr;<\/span><\/a><\/p>\n","protected":false},"author":6,"featured_media":0,"comment_status":"closed","ping_status":"open","sticky":false,"template":"","format":"standard","meta":{"footnotes":""},"categories":[1],"tags":[],"class_list":["post-4951","post","type-post","status-publish","format-standard","hentry","category-allgemein"],"_links":{"self":[{"href":"https:\/\/blog.liesdoch.de\/index.php?rest_route=\/wp\/v2\/posts\/4951","targetHints":{"allow":["GET"]}}],"collection":[{"href":"https:\/\/blog.liesdoch.de\/index.php?rest_route=\/wp\/v2\/posts"}],"about":[{"href":"https:\/\/blog.liesdoch.de\/index.php?rest_route=\/wp\/v2\/types\/post"}],"author":[{"embeddable":true,"href":"https:\/\/blog.liesdoch.de\/index.php?rest_route=\/wp\/v2\/users\/6"}],"replies":[{"embeddable":true,"href":"https:\/\/blog.liesdoch.de\/index.php?rest_route=%2Fwp%2Fv2%2Fcomments&post=4951"}],"version-history":[{"count":1,"href":"https:\/\/blog.liesdoch.de\/index.php?rest_route=\/wp\/v2\/posts\/4951\/revisions"}],"predecessor-version":[{"id":4953,"href":"https:\/\/blog.liesdoch.de\/index.php?rest_route=\/wp\/v2\/posts\/4951\/revisions\/4953"}],"wp:attachment":[{"href":"https:\/\/blog.liesdoch.de\/index.php?rest_route=%2Fwp%2Fv2%2Fmedia&parent=4951"}],"wp:term":[{"taxonomy":"category","embeddable":true,"href":"https:\/\/blog.liesdoch.de\/index.php?rest_route=%2Fwp%2Fv2%2Fcategories&post=4951"},{"taxonomy":"post_tag","embeddable":true,"href":"https:\/\/blog.liesdoch.de\/index.php?rest_route=%2Fwp%2Fv2%2Ftags&post=4951"}],"curies":[{"name":"wp","href":"https:\/\/api.w.org\/{rel}","templated":true}]}}