{"id":497,"date":"2015-09-16T13:26:28","date_gmt":"2015-09-16T11:26:28","guid":{"rendered":"http:\/\/blog.liesdoch.de\/?p=497"},"modified":"2015-09-16T13:26:28","modified_gmt":"2015-09-16T11:26:28","slug":"der-tod-auf-dem-apfelbaum","status":"publish","type":"post","link":"https:\/\/blog.liesdoch.de\/?p=497","title":{"rendered":"Der Tod auf dem Apfelbaum"},"content":{"rendered":"<p>&nbsp;<\/p>\n<p><a href=\"http:\/\/blog.liesdoch.de\/wp-content\/uploads\/2015\/09\/42707169z.jpg\"><img loading=\"lazy\" decoding=\"async\" class=\"alignnone size-medium wp-image-498\" src=\"http:\/\/blog.liesdoch.de\/wp-content\/uploads\/2015\/09\/42707169z-300x284.jpg\" alt=\"42707169z\" width=\"300\" height=\"284\" srcset=\"https:\/\/blog.liesdoch.de\/wp-content\/uploads\/2015\/09\/42707169z-300x284.jpg 300w, https:\/\/blog.liesdoch.de\/wp-content\/uploads\/2015\/09\/42707169z.jpg 475w\" sizes=\"auto, (max-width: 300px) 100vw, 300px\" \/><\/a><\/p>\n<p>&nbsp;<\/p>\n<p>Kathrin Sch\u00e4rer, Der Tod auf dem Apfelbaum, Atlantis 2015, ISBN 978-3-7152-0701-8<\/p>\n<p>Das neue Bilderbuch von Kathrin Sch\u00e4rer ist ein wahres Kunstwerk. In Wort und Bild erz\u00e4hlt sie, ein altes M\u00e4rchenmotiv aufgreifend, von einem Fuchs, der tats\u00e4chlich glaubt, den Tod \u00fcberlisten zu k\u00f6nnen. Doch ein gutes Leben, und das hat der Fuchs zusammen mit seiner Frau durchaus gef\u00fchrt, bracht auch sein Ende. Doch es dauert, bis der Fuchs das verstehen und akzeptieren kann.<\/p>\n<p>Zun\u00e4chst ist es ein Zauberwiesel, das der alte und hungrige Fuchs, vor dem sonst alle rechtzeitig davonlaufen, gerade so fange kann. Dieses Wiesel verspricht ihm gegen seine Freilassung, dass durch einen Zauber ab sofort jeder Apfeldieb auf dem Baum den der Fuchs als seinen eigenen betrachtet, kleben bleibt. Das funktioniert und der Fuchs kann ungest\u00f6rt sein Obst genie\u00dfen. Da kommt irgendwann der Tod und will ihn holen. Der Fuchs, schlau wie er ist, bittet den Tod ihm einen letzten Apfel zu pfl\u00fccken. Schon sitzt der Tod auf dem Baum fest und der Fuchs jubiliert. Doch nicht lange. Denn er wird im er \u00e4lter und schw\u00e4cher, seine Frau stirbt und auch die ersten seiner Kinder. Er geh\u00f6rt nirgends mehr dazu.<\/p>\n<p>Schlie\u00dflich bittet er den Tod, zu ihm herunterzusteigen und ihn mitzunehmen.<\/p>\n<p>\u201eF\u00fcr den Tod ist keine Zeit verstrichen, f\u00fcr ihn gibt es weder Zeit noch Raum. Er pfl\u00fcckt einen sch\u00f6nen, roten Apfel und steigt langsam vom Baum. Abwechslungsweise bei\u00dfen die beiden in den Apfel \u2013 ohne zu sprechen. Dann umarmen sie sich, und dem alten Fuchs wird ganz leicht dabei. Er nickt und zusammen ziehen sie davon.\u201c<\/p>\n<p>Ein gutes Leben braucht auch sein Ende. Der Tod geh\u00f6rt zum Leben. Diese Weisheit hat Kathrin Sch\u00e4rer in beeindruckenden Bildern und einem poetischen Text umgesetzt. Ein preisw\u00fcrdiges Bilderbuch.<\/p>\n<p>&nbsp;<\/p>\n<p>&nbsp;<\/p>\n<p>&nbsp;<\/p>\n<p>&nbsp;<\/p>\n<p>&nbsp;<\/p>\n","protected":false},"excerpt":{"rendered":"<p>&nbsp; &nbsp; Kathrin Sch\u00e4rer, Der Tod auf dem Apfelbaum, Atlantis 2015, ISBN 978-3-7152-0701-8 Das neue Bilderbuch von Kathrin Sch\u00e4rer ist ein wahres Kunstwerk. In Wort und Bild erz\u00e4hlt sie, ein altes M\u00e4rchenmotiv aufgreifend, von einem Fuchs, der tats\u00e4chlich glaubt, den Tod \u00fcberlisten zu k\u00f6nnen. Doch ein gutes Leben, und das hat der Fuchs zusammen mit &hellip; <a href=\"https:\/\/blog.liesdoch.de\/?p=497\" class=\"more-link\"><span class=\"screen-reader-text\">Der Tod auf dem Apfelbaum<\/span> weiterlesen <span class=\"meta-nav\">&rarr;<\/span><\/a><\/p>\n","protected":false},"author":6,"featured_media":0,"comment_status":"open","ping_status":"open","sticky":false,"template":"","format":"standard","meta":{"footnotes":""},"categories":[1],"tags":[33,189,118],"class_list":["post-497","post","type-post","status-publish","format-standard","hentry","category-allgemein","tag-bilderbuch","tag-kathrin-schaerer","tag-tod"],"_links":{"self":[{"href":"https:\/\/blog.liesdoch.de\/index.php?rest_route=\/wp\/v2\/posts\/497","targetHints":{"allow":["GET"]}}],"collection":[{"href":"https:\/\/blog.liesdoch.de\/index.php?rest_route=\/wp\/v2\/posts"}],"about":[{"href":"https:\/\/blog.liesdoch.de\/index.php?rest_route=\/wp\/v2\/types\/post"}],"author":[{"embeddable":true,"href":"https:\/\/blog.liesdoch.de\/index.php?rest_route=\/wp\/v2\/users\/6"}],"replies":[{"embeddable":true,"href":"https:\/\/blog.liesdoch.de\/index.php?rest_route=%2Fwp%2Fv2%2Fcomments&post=497"}],"version-history":[{"count":1,"href":"https:\/\/blog.liesdoch.de\/index.php?rest_route=\/wp\/v2\/posts\/497\/revisions"}],"predecessor-version":[{"id":499,"href":"https:\/\/blog.liesdoch.de\/index.php?rest_route=\/wp\/v2\/posts\/497\/revisions\/499"}],"wp:attachment":[{"href":"https:\/\/blog.liesdoch.de\/index.php?rest_route=%2Fwp%2Fv2%2Fmedia&parent=497"}],"wp:term":[{"taxonomy":"category","embeddable":true,"href":"https:\/\/blog.liesdoch.de\/index.php?rest_route=%2Fwp%2Fv2%2Fcategories&post=497"},{"taxonomy":"post_tag","embeddable":true,"href":"https:\/\/blog.liesdoch.de\/index.php?rest_route=%2Fwp%2Fv2%2Ftags&post=497"}],"curies":[{"name":"wp","href":"https:\/\/api.w.org\/{rel}","templated":true}]}}