{"id":4993,"date":"2017-10-11T08:26:48","date_gmt":"2017-10-11T06:26:48","guid":{"rendered":"http:\/\/blog.liesdoch.de\/?p=4993"},"modified":"2017-10-11T08:26:48","modified_gmt":"2017-10-11T06:26:48","slug":"die-geschichte-der-welt","status":"publish","type":"post","link":"https:\/\/blog.liesdoch.de\/?p=4993","title":{"rendered":"Die Geschichte der Welt"},"content":{"rendered":"<p>&nbsp;<\/p>\n<p>&nbsp;<\/p>\n<p>&nbsp;<\/p>\n<p>&nbsp;<\/p>\n<p>&nbsp;<\/p>\n<p><a href=\"http:\/\/blog.liesdoch.de\/wp-content\/uploads\/2017\/10\/48001901z.jpg\"><img loading=\"lazy\" decoding=\"async\" class=\"alignnone size-medium wp-image-4994\" src=\"http:\/\/blog.liesdoch.de\/wp-content\/uploads\/2017\/10\/48001901z-213x300.jpg\" alt=\"\" width=\"213\" height=\"300\" srcset=\"https:\/\/blog.liesdoch.de\/wp-content\/uploads\/2017\/10\/48001901z-213x300.jpg 213w, https:\/\/blog.liesdoch.de\/wp-content\/uploads\/2017\/10\/48001901z.jpg 298w\" sizes=\"auto, (max-width: 213px) 100vw, 213px\" \/><\/a><\/p>\n<p>Ewald Frie, Die Geschichte der Welt, C.H.Beck 2017, ISBN 978-3-406-71169-5<\/p>\n<p>&nbsp;<\/p>\n<p>Ewald Frie, Professor f\u00fcr Neuere Geschichte an der Universit\u00e4t T\u00fcbingen hat 2009 schon ein erstes historisches Buch unter dem Titel \u201eDas Schokoladenproblem\u201c vorgelegt, in dem er Kindern auf eine kindgerechte Weise die Verfassung des Landes Nordrhein-Westfalen erkl\u00e4rte und ihnen damit eine wunderbare Einf\u00fchrung in die Grundrechte bot und das, was eine Gesellschaft zusammenh\u00e4lt.<\/p>\n<p>&nbsp;<\/p>\n<p>In seinem neuen hier vorliegenden, volumin\u00f6sen, f\u00fcr Jugendliche und Erwachsene geeigneten und von Sophia Martinek hervorragend illustriertem Buch erz\u00e4hlt er die Geschichte der Welt erstmals ganz voraussetzungslos aus einer globalen Perspektive. Athen r\u00fcckt so an den Rand, aber das traumhaft sch\u00f6ne Kilwa in Afrika wird niemand vergessen, der dieses mit wunderbarer Leichtigkeit geschriebene Buch gelesen hat.<br \/>\nDie Geschichte der Welt wird bis heute von Europa aus erz\u00e4hlt. H\u00f6chste Zeit f\u00fcr einen frischen Blick, dachte sich Frie. Denn Australien wurde vom Homo sapiens fr\u00fcher besiedelt als Europa. Menschen fuhren Tausende Kilometer \u00fcber den offenen Pazifik, als die R\u00f6mer noch \u00e4ngstlich an der K\u00fcste entlangsegelten. Die Pyramiden und St\u00e4dte Amerikas k\u00f6nnen es mit Babylon und \u00c4gypten aufnehmen. Und w\u00e4hrend Westeuropa in der Neuzeit Glaubenskriege f\u00fchrte, erstreckte sich ein multikultureller Handelsraum von Ungarn bis S\u00fcdindien. Aber nat\u00fcrlich geht es auch um die Barbaren im Abendland: Ewald Frie erz\u00e4hlt von ihren Entdeckungen und Eroberungen, ihren Revolutionen und Kriegen, die die Welt ver\u00e4ndert haben. Seitdem wird unser Planet zu einer globalen Megacity, in der sich die Reichen von den Armen abschotten und trotzdem alle miteinander vernetzt sind.<\/p>\n<p>&nbsp;<\/p>\n<p>So spannend und gegen den herk\u00f6mmlichen Strich erz\u00e4hlt, habe ich Weltgeschichte noch nicht wahrgenommen.<\/p>\n","protected":false},"excerpt":{"rendered":"<p>&nbsp; &nbsp; &nbsp; &nbsp; &nbsp; Ewald Frie, Die Geschichte der Welt, C.H.Beck 2017, ISBN 978-3-406-71169-5 &nbsp; Ewald Frie, Professor f\u00fcr Neuere Geschichte an der Universit\u00e4t T\u00fcbingen hat 2009 schon ein erstes historisches Buch unter dem Titel \u201eDas Schokoladenproblem\u201c vorgelegt, in dem er Kindern auf eine kindgerechte Weise die Verfassung des Landes Nordrhein-Westfalen erkl\u00e4rte und ihnen &hellip; <a href=\"https:\/\/blog.liesdoch.de\/?p=4993\" class=\"more-link\"><span class=\"screen-reader-text\">Die Geschichte der Welt<\/span> weiterlesen <span class=\"meta-nav\">&rarr;<\/span><\/a><\/p>\n","protected":false},"author":6,"featured_media":0,"comment_status":"closed","ping_status":"open","sticky":false,"template":"","format":"standard","meta":{"footnotes":""},"categories":[1],"tags":[],"class_list":["post-4993","post","type-post","status-publish","format-standard","hentry","category-allgemein"],"_links":{"self":[{"href":"https:\/\/blog.liesdoch.de\/index.php?rest_route=\/wp\/v2\/posts\/4993","targetHints":{"allow":["GET"]}}],"collection":[{"href":"https:\/\/blog.liesdoch.de\/index.php?rest_route=\/wp\/v2\/posts"}],"about":[{"href":"https:\/\/blog.liesdoch.de\/index.php?rest_route=\/wp\/v2\/types\/post"}],"author":[{"embeddable":true,"href":"https:\/\/blog.liesdoch.de\/index.php?rest_route=\/wp\/v2\/users\/6"}],"replies":[{"embeddable":true,"href":"https:\/\/blog.liesdoch.de\/index.php?rest_route=%2Fwp%2Fv2%2Fcomments&post=4993"}],"version-history":[{"count":1,"href":"https:\/\/blog.liesdoch.de\/index.php?rest_route=\/wp\/v2\/posts\/4993\/revisions"}],"predecessor-version":[{"id":4995,"href":"https:\/\/blog.liesdoch.de\/index.php?rest_route=\/wp\/v2\/posts\/4993\/revisions\/4995"}],"wp:attachment":[{"href":"https:\/\/blog.liesdoch.de\/index.php?rest_route=%2Fwp%2Fv2%2Fmedia&parent=4993"}],"wp:term":[{"taxonomy":"category","embeddable":true,"href":"https:\/\/blog.liesdoch.de\/index.php?rest_route=%2Fwp%2Fv2%2Fcategories&post=4993"},{"taxonomy":"post_tag","embeddable":true,"href":"https:\/\/blog.liesdoch.de\/index.php?rest_route=%2Fwp%2Fv2%2Ftags&post=4993"}],"curies":[{"name":"wp","href":"https:\/\/api.w.org\/{rel}","templated":true}]}}