{"id":4996,"date":"2017-10-11T08:27:24","date_gmt":"2017-10-11T06:27:24","guid":{"rendered":"http:\/\/blog.liesdoch.de\/?p=4996"},"modified":"2017-10-11T08:27:24","modified_gmt":"2017-10-11T06:27:24","slug":"meer-als-alles","status":"publish","type":"post","link":"https:\/\/blog.liesdoch.de\/?p=4996","title":{"rendered":"Meer als Alles"},"content":{"rendered":"<p>&nbsp;<\/p>\n<p>&nbsp;<\/p>\n<p>&nbsp;<\/p>\n<p>&nbsp;<\/p>\n<p><a href=\"http:\/\/blog.liesdoch.de\/wp-content\/uploads\/2017\/10\/48225709z.jpg\"><img loading=\"lazy\" decoding=\"async\" class=\"alignnone size-medium wp-image-4997\" src=\"http:\/\/blog.liesdoch.de\/wp-content\/uploads\/2017\/10\/48225709z-201x300.jpg\" alt=\"\" width=\"201\" height=\"300\" srcset=\"https:\/\/blog.liesdoch.de\/wp-content\/uploads\/2017\/10\/48225709z-201x300.jpg 201w, https:\/\/blog.liesdoch.de\/wp-content\/uploads\/2017\/10\/48225709z.jpg 282w\" sizes=\"auto, (max-width: 201px) 100vw, 201px\" \/><\/a><\/p>\n<p>&nbsp;<\/p>\n<p>Udo Schroeter, Meer als Alles, Adeo 2017, ISBN 978-3-.86334-166-4<\/p>\n<p>&nbsp;<\/p>\n<p>In seinem ebenfalls bei Adeo 2016 erschienen Wandkalender \u201eBin am Meer\u201c, das Motive und Texte seines gleichnamigen Buches variierte, schrieb der auf die Insel Bornholm ausgewanderte Autor und Natur-und Sinncoach Udo Schroter unter ein Bild des Monats Juli:<\/p>\n<p>\u201eDie Vergangenheit ist f\u00fcr viele die Welt der Wunden. Die Zukunft ist oftmals die Welt der Angst. Das Leben findet im Hier und Jetzt statt\u201c.<\/p>\n<p>&nbsp;<\/p>\n<p>Doch vielen gelingt das nicht. Obwohl sie eigentlich alles erreicht haben im Beruf und der Partnerschaft, f\u00fchlen sich insbesondere viele M\u00e4nner immer mehr als Fremde in ihrem eigenen Leben. Wer bin ich eigentlich wirklich? Was ist meine Bestimmung? Wof\u00fcr bin ich auf der und was ist der Sinn meines Lebens?<\/p>\n<p>&nbsp;<\/p>\n<p>Mit seinem neuen Buch nimmt Udo Schroter diese Fragen auf und nimmt den (m\u00e4nnlichen) Leser mit auf eine Reise nach ganz pers\u00f6nlichen Antworten, zu denen er ermutigen m\u00f6chte.<\/p>\n<p>&nbsp;<\/p>\n<p>Sein Ich-Erz\u00e4hler hei\u00dft Leif, ist so etwas wie das Alter Ego Schroeters. Leif ist Angelf\u00fchrer und verbringt mit dem Sinnsucher (steht f\u00fcr den Leser) eine intensive Zeit von f\u00fcnf Tagen in der Natur. Sie kommen in ein offenes Gespr\u00e4ch, das auch vor sehr schmerzlichen Erinnerungen und Erfahrungen nicht Halt macht. Leif hilft Daniel sensibel und ehrlich, alte Schmerzen aus der Vergangenheit und seine Sorgen um die Zukunft loszulassen und die begl\u00fcckende Erfahrung zu machen: das eigentliche Leben ist im Hier und Jetzt. Es ist wichtig, dass du deine Bestimmung erkennst und sie dann auch lebst.<\/p>\n<p>&nbsp;<\/p>\n<p>\u201eIrgendwann kommt der Tag, da musst du sterben!\u201c Charlie Brown<\/p>\n<p>\u201eStimmt, aber an allen anderen werde ich leben!\u201c Snoopy<\/p>\n<p>&nbsp;<\/p>\n<p>&nbsp;<\/p>\n<p>&nbsp;<\/p>\n<p>&nbsp;<\/p>\n","protected":false},"excerpt":{"rendered":"<p>&nbsp; &nbsp; &nbsp; &nbsp; &nbsp; Udo Schroeter, Meer als Alles, Adeo 2017, ISBN 978-3-.86334-166-4 &nbsp; In seinem ebenfalls bei Adeo 2016 erschienen Wandkalender \u201eBin am Meer\u201c, das Motive und Texte seines gleichnamigen Buches variierte, schrieb der auf die Insel Bornholm ausgewanderte Autor und Natur-und Sinncoach Udo Schroter unter ein Bild des Monats Juli: \u201eDie Vergangenheit &hellip; <a href=\"https:\/\/blog.liesdoch.de\/?p=4996\" class=\"more-link\"><span class=\"screen-reader-text\">Meer als Alles<\/span> weiterlesen <span class=\"meta-nav\">&rarr;<\/span><\/a><\/p>\n","protected":false},"author":6,"featured_media":0,"comment_status":"closed","ping_status":"open","sticky":false,"template":"","format":"standard","meta":{"footnotes":""},"categories":[1],"tags":[],"class_list":["post-4996","post","type-post","status-publish","format-standard","hentry","category-allgemein"],"_links":{"self":[{"href":"https:\/\/blog.liesdoch.de\/index.php?rest_route=\/wp\/v2\/posts\/4996","targetHints":{"allow":["GET"]}}],"collection":[{"href":"https:\/\/blog.liesdoch.de\/index.php?rest_route=\/wp\/v2\/posts"}],"about":[{"href":"https:\/\/blog.liesdoch.de\/index.php?rest_route=\/wp\/v2\/types\/post"}],"author":[{"embeddable":true,"href":"https:\/\/blog.liesdoch.de\/index.php?rest_route=\/wp\/v2\/users\/6"}],"replies":[{"embeddable":true,"href":"https:\/\/blog.liesdoch.de\/index.php?rest_route=%2Fwp%2Fv2%2Fcomments&post=4996"}],"version-history":[{"count":1,"href":"https:\/\/blog.liesdoch.de\/index.php?rest_route=\/wp\/v2\/posts\/4996\/revisions"}],"predecessor-version":[{"id":4998,"href":"https:\/\/blog.liesdoch.de\/index.php?rest_route=\/wp\/v2\/posts\/4996\/revisions\/4998"}],"wp:attachment":[{"href":"https:\/\/blog.liesdoch.de\/index.php?rest_route=%2Fwp%2Fv2%2Fmedia&parent=4996"}],"wp:term":[{"taxonomy":"category","embeddable":true,"href":"https:\/\/blog.liesdoch.de\/index.php?rest_route=%2Fwp%2Fv2%2Fcategories&post=4996"},{"taxonomy":"post_tag","embeddable":true,"href":"https:\/\/blog.liesdoch.de\/index.php?rest_route=%2Fwp%2Fv2%2Ftags&post=4996"}],"curies":[{"name":"wp","href":"https:\/\/api.w.org\/{rel}","templated":true}]}}