{"id":5005,"date":"2017-10-11T08:29:05","date_gmt":"2017-10-11T06:29:05","guid":{"rendered":"http:\/\/blog.liesdoch.de\/?p=5005"},"modified":"2017-10-11T08:29:05","modified_gmt":"2017-10-11T06:29:05","slug":"lichter-als-der-tag","status":"publish","type":"post","link":"https:\/\/blog.liesdoch.de\/?p=5005","title":{"rendered":"Lichter als der Tag"},"content":{"rendered":"<p>&nbsp;<\/p>\n<p>&nbsp;<\/p>\n<p>&nbsp;<\/p>\n<p>&nbsp;<\/p>\n<p><a href=\"http:\/\/blog.liesdoch.de\/wp-content\/uploads\/2017\/10\/48135775z.jpg\"><img loading=\"lazy\" decoding=\"async\" class=\"alignnone size-medium wp-image-5006\" src=\"http:\/\/blog.liesdoch.de\/wp-content\/uploads\/2017\/10\/48135775z-184x300.jpg\" alt=\"\" width=\"184\" height=\"300\" srcset=\"https:\/\/blog.liesdoch.de\/wp-content\/uploads\/2017\/10\/48135775z-184x300.jpg 184w, https:\/\/blog.liesdoch.de\/wp-content\/uploads\/2017\/10\/48135775z.jpg 257w\" sizes=\"auto, (max-width: 184px) 100vw, 184px\" \/><\/a><\/p>\n<p>&nbsp;<\/p>\n<p>Mirko Bonne, Lichter als der Tag, Sch\u00f6ffling &amp; Co. 2017, ISBN 978-3-89561-408-8<\/p>\n<p>&nbsp;<\/p>\n<p>Dieser auf der Longlist f\u00fcr den Deutschen Buchpreis 2017 nominierte Roman des in Hamburg lebenden Schriftstellers Mirko Bonne erz\u00e4hlt die Geschichte von vier Menschen, die sich seit ihrer Jugend kennen und ihrer Freundschaft und Liebe zueinander.\u00a0 Raimund Merz, die Hauptperson, kennt seit seiner Kindheit Moritz und Floriane. Ein wilder Garten am Dorfrand ist nicht nur ihr regelm\u00e4\u00dfiger Treffpunkt, sondern so etwas wie Heimat f\u00fcr sie. Eine Tages st\u00f6\u00dft die Tochter eines d\u00e4nischen K\u00fcnstlers zu ihnen, Inger. Schnell ist sie integriert und die vier wachsen zu einer engen und verschworenen Gemeinschaft zusammen, bis sich beide Jungen in Inger verlieben. Schlussendlich entscheidet sich Inger f\u00fcr Moritz und Raimund und Floriane werden auch ein Paar.<\/p>\n<p>&nbsp;<\/p>\n<p>Eine tragische Geschichte findet vorerst ihren Abschluss, in der die Liebe f\u00fcr Verwirrung, Schmerz, Leid, Lust und Frust sorgt. Falsche Entscheidungen und Unt\u00e4tigkeit f\u00fchren zu lange nachwirkenden Konsequenzen. Dabei tr\u00e4gt keiner eindeutig die Schuld \u2013 aber auch keiner der Vier ist wirklich unschuldig.<\/p>\n<p>&nbsp;<\/p>\n<p>Doch es gibt ab da keinen Kontakt mehr. Eifersucht und Misstrauen auf Seiten Floris und ein unendlich tief vergrabener Schmerz bei Raimund verhindern dies zuverl\u00e4ssig.<\/p>\n<p>&nbsp;<\/p>\n<p>Doch dann sieht Raimund viele Jahre sp\u00e4ter Inger wieder. Sie ist in die Stadt zur\u00fcckgekehrt. Seit diesem Tag bricht die ganze Leere seines Lebens aus ihm heraus. Er sucht voller Schmerz und Sehnsucht nach einem Weg, der ihn endlich zu sich selbst zur\u00fcckf\u00fchrt. Dabei spielen Kunst und die Bedeutung des Lichts eine immer wiederkehrende Rolle.<\/p>\n<p>Flori sp\u00fcrt Raimunds Ver\u00e4nderung und vermutet richtig Inger dahinter. Doch Raimund geht seinen zun\u00e4chst f\u00fcr den Leser unverst\u00e4ndlichen Weg, der ihn bis nach Lyon f\u00fchrt zu einem Bild, das eine wichtige Bedeutung f\u00fcr ihn hat, die hier nicht verraten werden soll.<\/p>\n<p>&nbsp;<\/p>\n<p>Der Roman Bonnes spielt mit Goethes Wahlverwandtschaftenthematik und erz\u00e4hlt die bewegende Geschichte eines Mannes, der konsequent seine Schatten absch\u00fcttelt und zu sich selbst finden will. Ein Portr\u00e4t eines Mannes auf der Suche nach seiner verloren gegangen Lebendigkeit und im Grunde ein wahrer Liebesroman.<\/p>\n<p>&nbsp;<\/p>\n<p>&nbsp;<\/p>\n","protected":false},"excerpt":{"rendered":"<p>&nbsp; &nbsp; &nbsp; &nbsp; &nbsp; Mirko Bonne, Lichter als der Tag, Sch\u00f6ffling &amp; Co. 2017, ISBN 978-3-89561-408-8 &nbsp; Dieser auf der Longlist f\u00fcr den Deutschen Buchpreis 2017 nominierte Roman des in Hamburg lebenden Schriftstellers Mirko Bonne erz\u00e4hlt die Geschichte von vier Menschen, die sich seit ihrer Jugend kennen und ihrer Freundschaft und Liebe zueinander.\u00a0 Raimund &hellip; <a href=\"https:\/\/blog.liesdoch.de\/?p=5005\" class=\"more-link\"><span class=\"screen-reader-text\">Lichter als der Tag<\/span> weiterlesen <span class=\"meta-nav\">&rarr;<\/span><\/a><\/p>\n","protected":false},"author":6,"featured_media":0,"comment_status":"closed","ping_status":"open","sticky":false,"template":"","format":"standard","meta":{"footnotes":""},"categories":[1],"tags":[],"class_list":["post-5005","post","type-post","status-publish","format-standard","hentry","category-allgemein"],"_links":{"self":[{"href":"https:\/\/blog.liesdoch.de\/index.php?rest_route=\/wp\/v2\/posts\/5005","targetHints":{"allow":["GET"]}}],"collection":[{"href":"https:\/\/blog.liesdoch.de\/index.php?rest_route=\/wp\/v2\/posts"}],"about":[{"href":"https:\/\/blog.liesdoch.de\/index.php?rest_route=\/wp\/v2\/types\/post"}],"author":[{"embeddable":true,"href":"https:\/\/blog.liesdoch.de\/index.php?rest_route=\/wp\/v2\/users\/6"}],"replies":[{"embeddable":true,"href":"https:\/\/blog.liesdoch.de\/index.php?rest_route=%2Fwp%2Fv2%2Fcomments&post=5005"}],"version-history":[{"count":1,"href":"https:\/\/blog.liesdoch.de\/index.php?rest_route=\/wp\/v2\/posts\/5005\/revisions"}],"predecessor-version":[{"id":5007,"href":"https:\/\/blog.liesdoch.de\/index.php?rest_route=\/wp\/v2\/posts\/5005\/revisions\/5007"}],"wp:attachment":[{"href":"https:\/\/blog.liesdoch.de\/index.php?rest_route=%2Fwp%2Fv2%2Fmedia&parent=5005"}],"wp:term":[{"taxonomy":"category","embeddable":true,"href":"https:\/\/blog.liesdoch.de\/index.php?rest_route=%2Fwp%2Fv2%2Fcategories&post=5005"},{"taxonomy":"post_tag","embeddable":true,"href":"https:\/\/blog.liesdoch.de\/index.php?rest_route=%2Fwp%2Fv2%2Ftags&post=5005"}],"curies":[{"name":"wp","href":"https:\/\/api.w.org\/{rel}","templated":true}]}}