{"id":5029,"date":"2017-10-24T10:46:52","date_gmt":"2017-10-24T08:46:52","guid":{"rendered":"http:\/\/blog.liesdoch.de\/?p=5029"},"modified":"2017-10-24T10:46:52","modified_gmt":"2017-10-24T08:46:52","slug":"berg","status":"publish","type":"post","link":"https:\/\/blog.liesdoch.de\/?p=5029","title":{"rendered":"Berg&#8230;."},"content":{"rendered":"<p>&nbsp;<\/p>\n<p>&nbsp;<\/p>\n<p>&nbsp;<\/p>\n<p><a href=\"http:\/\/blog.liesdoch.de\/wp-content\/uploads\/2017\/10\/48186992z.jpg\"><img loading=\"lazy\" decoding=\"async\" class=\"alignnone size-medium wp-image-5030\" src=\"http:\/\/blog.liesdoch.de\/wp-content\/uploads\/2017\/10\/48186992z-234x300.jpg\" alt=\"\" width=\"234\" height=\"300\" srcset=\"https:\/\/blog.liesdoch.de\/wp-content\/uploads\/2017\/10\/48186992z-234x300.jpg 234w, https:\/\/blog.liesdoch.de\/wp-content\/uploads\/2017\/10\/48186992z.jpg 371w\" sizes=\"auto, (max-width: 234px) 100vw, 234px\" \/><\/a><\/p>\n<p>&nbsp;<\/p>\n<p>Uli Wiesmeier, Berg\u2026, Knesebeck 2017,ISBN 978-3-95728-039-8<\/p>\n<p>&nbsp;<\/p>\n<p>Der Fotograf Uli Wiesmeier widmet sich seit \u00fcber 40 Jahren alpinen Themen. Weit \u00fcber die Grenzen seiner Heimat bekannt, hat er sich schon vor langer Zeit einen internationalen Ruf als \u201ekreativer Unruhestifter\u201c in seinem Genre der Bergfotografie erworben. Er sieht den Tourismus mit seiner \u201eVollkasko-, Vollpension- und Vollrausch-Mentalit\u00e4t\u201c sehr kritisch und protestiert mit seinen Bildern gegen die schleichende Zerst\u00f6rung alpiner Natur durch den Massentourismus auch der Bergsteiger.<\/p>\n<p>&nbsp;<\/p>\n<p>Zusammen mit dem Autor Stefan K\u00f6nig hat Wiesmeier seine Bilder nach Themen geordnet, z.B. Berg-Bild, Berg-Bauer, Berg-Dorf, Berg-Tourismus, Berg-Retter oder Berg-Welt. In insgesamt 18 Teilen hat Stefan K\u00f6nig aus dem Dialog mit Uli Wiesmeier heraus einf\u00fchlsame und kritische Texte zu den dann folgenden Fotografien verfasst.<\/p>\n<p>&nbsp;<\/p>\n<p>Allen Menschen, die sich ihm f\u00fcr seine Fotografien zur Verf\u00fcgung und die an anderen Stellen sein Projekt unterst\u00fctzten dankt er am Ende mit einem Satz von Bertolt Brecht: \u201e\u2026 und man sieht nur die im Licht, die im Dunkeln sieht man nicht.\u201c<\/p>\n<p>&nbsp;<\/p>\n<p>Ein au\u00dfergew\u00f6hnlicher Bild und Textband, der jeden wahren Bergfreund begeistern wird. Haben Sie einen solchen in der Familie \u2013 hier haben sie ein wunderbares und wertvolles Weihnachtsgeschenk.<\/p>\n","protected":false},"excerpt":{"rendered":"<p>&nbsp; &nbsp; &nbsp; &nbsp; Uli Wiesmeier, Berg\u2026, Knesebeck 2017,ISBN 978-3-95728-039-8 &nbsp; Der Fotograf Uli Wiesmeier widmet sich seit \u00fcber 40 Jahren alpinen Themen. Weit \u00fcber die Grenzen seiner Heimat bekannt, hat er sich schon vor langer Zeit einen internationalen Ruf als \u201ekreativer Unruhestifter\u201c in seinem Genre der Bergfotografie erworben. Er sieht den Tourismus mit seiner &hellip; <a href=\"https:\/\/blog.liesdoch.de\/?p=5029\" class=\"more-link\"><span class=\"screen-reader-text\">Berg&#8230;.<\/span> weiterlesen <span class=\"meta-nav\">&rarr;<\/span><\/a><\/p>\n","protected":false},"author":6,"featured_media":0,"comment_status":"closed","ping_status":"open","sticky":false,"template":"","format":"standard","meta":{"footnotes":""},"categories":[1],"tags":[],"class_list":["post-5029","post","type-post","status-publish","format-standard","hentry","category-allgemein"],"_links":{"self":[{"href":"https:\/\/blog.liesdoch.de\/index.php?rest_route=\/wp\/v2\/posts\/5029","targetHints":{"allow":["GET"]}}],"collection":[{"href":"https:\/\/blog.liesdoch.de\/index.php?rest_route=\/wp\/v2\/posts"}],"about":[{"href":"https:\/\/blog.liesdoch.de\/index.php?rest_route=\/wp\/v2\/types\/post"}],"author":[{"embeddable":true,"href":"https:\/\/blog.liesdoch.de\/index.php?rest_route=\/wp\/v2\/users\/6"}],"replies":[{"embeddable":true,"href":"https:\/\/blog.liesdoch.de\/index.php?rest_route=%2Fwp%2Fv2%2Fcomments&post=5029"}],"version-history":[{"count":1,"href":"https:\/\/blog.liesdoch.de\/index.php?rest_route=\/wp\/v2\/posts\/5029\/revisions"}],"predecessor-version":[{"id":5031,"href":"https:\/\/blog.liesdoch.de\/index.php?rest_route=\/wp\/v2\/posts\/5029\/revisions\/5031"}],"wp:attachment":[{"href":"https:\/\/blog.liesdoch.de\/index.php?rest_route=%2Fwp%2Fv2%2Fmedia&parent=5029"}],"wp:term":[{"taxonomy":"category","embeddable":true,"href":"https:\/\/blog.liesdoch.de\/index.php?rest_route=%2Fwp%2Fv2%2Fcategories&post=5029"},{"taxonomy":"post_tag","embeddable":true,"href":"https:\/\/blog.liesdoch.de\/index.php?rest_route=%2Fwp%2Fv2%2Ftags&post=5029"}],"curies":[{"name":"wp","href":"https:\/\/api.w.org\/{rel}","templated":true}]}}