{"id":5045,"date":"2017-10-25T13:51:45","date_gmt":"2017-10-25T11:51:45","guid":{"rendered":"http:\/\/blog.liesdoch.de\/?p=5045"},"modified":"2017-10-25T13:52:02","modified_gmt":"2017-10-25T11:52:02","slug":"du-und-sechzig","status":"publish","type":"post","link":"https:\/\/blog.liesdoch.de\/?p=5045","title":{"rendered":"Du und sechzig ?"},"content":{"rendered":"<p>&nbsp;<\/p>\n<p><a href=\"http:\/\/blog.liesdoch.de\/wp-content\/uploads\/2017\/10\/48079640z.jpg\"><img loading=\"lazy\" decoding=\"async\" class=\"alignnone size-medium wp-image-5046\" src=\"http:\/\/blog.liesdoch.de\/wp-content\/uploads\/2017\/10\/48079640z-258x300.jpg\" alt=\"\" width=\"258\" height=\"300\" srcset=\"https:\/\/blog.liesdoch.de\/wp-content\/uploads\/2017\/10\/48079640z-258x300.jpg 258w, https:\/\/blog.liesdoch.de\/wp-content\/uploads\/2017\/10\/48079640z.jpg 408w\" sizes=\"auto, (max-width: 258px) 100vw, 258px\" \/><\/a><\/p>\n<p>Dieter Schwalm, Du und sechzig, Lappan 2017, ISBN 978-3-8303-6313-2<\/p>\n<p>&nbsp;<\/p>\n<p>Die vorliegenden, von Dieter Schwalm ausgew\u00e4hlten Cartoons der besten deutschen Karikaturisten kreisen alle um eine runden Geburtstag, der in den letzten Jahren offensichtlich den fr\u00fcher so gef\u00fcrchteten 40. Geburtstag abgel\u00f6st hat. Im Zeichen neuer Jugendlichkeit, Fitnessbuden und gesunder Ern\u00e4hrung wird vor allem bei M\u00e4nnern nun der 60. Geburtstag als die Schwelle angesehen, nach der es zu ernsthaften Alters- und anderen Problemen kommt.<\/p>\n<p>&nbsp;<\/p>\n<p>Und so karikieren die hier versammelten Cartoons mit Witz und gnadenloser Unerbittlichkeit die Unbilden des Alters, die nachlassende Sexualit\u00e4t und vor allem die mannigfaltigen Versuche von Frauen und M\u00e4nnern, diesem Schicksal zu entrinnen und sich noch einige Jahre in die alte Jugendlichkeit zu retten.<\/p>\n<p>&nbsp;<\/p>\n<p>Wenn Sie bald zu einem 60. eingeladen sind und glauben, das Geburtstagskind habe Humor \u2013 dieses Buch ist ein sch\u00f6nes Mitbringsel.<\/p>\n","protected":false},"excerpt":{"rendered":"<p>&nbsp; Dieter Schwalm, Du und sechzig, Lappan 2017, ISBN 978-3-8303-6313-2 &nbsp; Die vorliegenden, von Dieter Schwalm ausgew\u00e4hlten Cartoons der besten deutschen Karikaturisten kreisen alle um eine runden Geburtstag, der in den letzten Jahren offensichtlich den fr\u00fcher so gef\u00fcrchteten 40. Geburtstag abgel\u00f6st hat. Im Zeichen neuer Jugendlichkeit, Fitnessbuden und gesunder Ern\u00e4hrung wird vor allem bei M\u00e4nnern &hellip; <a href=\"https:\/\/blog.liesdoch.de\/?p=5045\" class=\"more-link\"><span class=\"screen-reader-text\">Du und sechzig ?<\/span> weiterlesen <span class=\"meta-nav\">&rarr;<\/span><\/a><\/p>\n","protected":false},"author":6,"featured_media":0,"comment_status":"closed","ping_status":"open","sticky":false,"template":"","format":"standard","meta":{"footnotes":""},"categories":[1],"tags":[],"class_list":["post-5045","post","type-post","status-publish","format-standard","hentry","category-allgemein"],"_links":{"self":[{"href":"https:\/\/blog.liesdoch.de\/index.php?rest_route=\/wp\/v2\/posts\/5045","targetHints":{"allow":["GET"]}}],"collection":[{"href":"https:\/\/blog.liesdoch.de\/index.php?rest_route=\/wp\/v2\/posts"}],"about":[{"href":"https:\/\/blog.liesdoch.de\/index.php?rest_route=\/wp\/v2\/types\/post"}],"author":[{"embeddable":true,"href":"https:\/\/blog.liesdoch.de\/index.php?rest_route=\/wp\/v2\/users\/6"}],"replies":[{"embeddable":true,"href":"https:\/\/blog.liesdoch.de\/index.php?rest_route=%2Fwp%2Fv2%2Fcomments&post=5045"}],"version-history":[{"count":2,"href":"https:\/\/blog.liesdoch.de\/index.php?rest_route=\/wp\/v2\/posts\/5045\/revisions"}],"predecessor-version":[{"id":5048,"href":"https:\/\/blog.liesdoch.de\/index.php?rest_route=\/wp\/v2\/posts\/5045\/revisions\/5048"}],"wp:attachment":[{"href":"https:\/\/blog.liesdoch.de\/index.php?rest_route=%2Fwp%2Fv2%2Fmedia&parent=5045"}],"wp:term":[{"taxonomy":"category","embeddable":true,"href":"https:\/\/blog.liesdoch.de\/index.php?rest_route=%2Fwp%2Fv2%2Fcategories&post=5045"},{"taxonomy":"post_tag","embeddable":true,"href":"https:\/\/blog.liesdoch.de\/index.php?rest_route=%2Fwp%2Fv2%2Ftags&post=5045"}],"curies":[{"name":"wp","href":"https:\/\/api.w.org\/{rel}","templated":true}]}}