{"id":505,"date":"2015-09-16T13:48:37","date_gmt":"2015-09-16T11:48:37","guid":{"rendered":"http:\/\/blog.liesdoch.de\/?p=505"},"modified":"2015-09-16T13:48:37","modified_gmt":"2015-09-16T11:48:37","slug":"dsa-sind-alles-bilder-und-woerter","status":"publish","type":"post","link":"https:\/\/blog.liesdoch.de\/?p=505","title":{"rendered":"Dsa sind alles Bilder und W\u00f6rter"},"content":{"rendered":"<p>&nbsp;<\/p>\n<p><a href=\"http:\/\/blog.liesdoch.de\/wp-content\/uploads\/2015\/09\/42794487z.jpg\"><img loading=\"lazy\" decoding=\"async\" class=\"alignnone size-medium wp-image-506\" src=\"http:\/\/blog.liesdoch.de\/wp-content\/uploads\/2015\/09\/42794487z-240x300.jpg\" alt=\"42794487z\" width=\"240\" height=\"300\" srcset=\"https:\/\/blog.liesdoch.de\/wp-content\/uploads\/2015\/09\/42794487z-240x300.jpg 240w, https:\/\/blog.liesdoch.de\/wp-content\/uploads\/2015\/09\/42794487z.jpg 380w\" sizes=\"auto, (max-width: 240px) 100vw, 240px\" \/><\/a><\/p>\n<p>&nbsp;<\/p>\n<p>Yayo Kawamura, Das alles sind Bilder und W\u00f6rter, Coppenrath 2015, ISBN 978-3-649-61869-0<\/p>\n<p>Dies ist ein wunderbares Buch f\u00fcr alle Kinder ab etwa 18 Monaten, also genau der Zeit, in der die Sprachentwicklung explodiert, der Wortschatz zunimmt und die Kleinen auf eine Weise wissbegierig sind und lernbereit, wie es sp\u00e4ter nur noch selten in dieser Intensit\u00e4t vorkommt.<\/p>\n<p>\u00dcber 200 Begriffe aus der ganzen Welt des Kleinkindes sind nach Themen geordnet abgebildet und benannt. Was l\u00e4sst sich das alles erkennen und benennen: Im Zuhause, im Garten, bei den Tieren und bei den Fahrzeugen, in der K\u00fcche und im Ablauf des Jahres mit den Jahreszeiten.<\/p>\n<p>Jedes einzelnen Bild ist eine Einladung an die Kinder zum Sprechen und Erz\u00e4hlen. \u00c4hnlich wie bei den Wimmelb\u00fcchern brauchen sie hierzu aber auch die Unterst\u00fctzung und die Begeisterung von Erwachsenen, die mit ihren zusammen dieses Buch anschauen und die unz\u00e4hligen Geschichten entdecken, die mit der fantasievollen Zusammenf\u00fcgung einzelner Begriffe zum Leben erweckt und erz\u00e4hlt werden wollen.<\/p>\n","protected":false},"excerpt":{"rendered":"<p>&nbsp; &nbsp; Yayo Kawamura, Das alles sind Bilder und W\u00f6rter, Coppenrath 2015, ISBN 978-3-649-61869-0 Dies ist ein wunderbares Buch f\u00fcr alle Kinder ab etwa 18 Monaten, also genau der Zeit, in der die Sprachentwicklung explodiert, der Wortschatz zunimmt und die Kleinen auf eine Weise wissbegierig sind und lernbereit, wie es sp\u00e4ter nur noch selten in &hellip; <a href=\"https:\/\/blog.liesdoch.de\/?p=505\" class=\"more-link\"><span class=\"screen-reader-text\">Dsa sind alles Bilder und W\u00f6rter<\/span> weiterlesen <span class=\"meta-nav\">&rarr;<\/span><\/a><\/p>\n","protected":false},"author":6,"featured_media":0,"comment_status":"open","ping_status":"open","sticky":false,"template":"","format":"standard","meta":{"footnotes":""},"categories":[1],"tags":[193,195,33,194],"class_list":["post-505","post","type-post","status-publish","format-standard","hentry","category-allgemein","tag-ab-18-monate","tag-bilder","tag-bilderbuch","tag-woerter"],"_links":{"self":[{"href":"https:\/\/blog.liesdoch.de\/index.php?rest_route=\/wp\/v2\/posts\/505","targetHints":{"allow":["GET"]}}],"collection":[{"href":"https:\/\/blog.liesdoch.de\/index.php?rest_route=\/wp\/v2\/posts"}],"about":[{"href":"https:\/\/blog.liesdoch.de\/index.php?rest_route=\/wp\/v2\/types\/post"}],"author":[{"embeddable":true,"href":"https:\/\/blog.liesdoch.de\/index.php?rest_route=\/wp\/v2\/users\/6"}],"replies":[{"embeddable":true,"href":"https:\/\/blog.liesdoch.de\/index.php?rest_route=%2Fwp%2Fv2%2Fcomments&post=505"}],"version-history":[{"count":1,"href":"https:\/\/blog.liesdoch.de\/index.php?rest_route=\/wp\/v2\/posts\/505\/revisions"}],"predecessor-version":[{"id":507,"href":"https:\/\/blog.liesdoch.de\/index.php?rest_route=\/wp\/v2\/posts\/505\/revisions\/507"}],"wp:attachment":[{"href":"https:\/\/blog.liesdoch.de\/index.php?rest_route=%2Fwp%2Fv2%2Fmedia&parent=505"}],"wp:term":[{"taxonomy":"category","embeddable":true,"href":"https:\/\/blog.liesdoch.de\/index.php?rest_route=%2Fwp%2Fv2%2Fcategories&post=505"},{"taxonomy":"post_tag","embeddable":true,"href":"https:\/\/blog.liesdoch.de\/index.php?rest_route=%2Fwp%2Fv2%2Ftags&post=505"}],"curies":[{"name":"wp","href":"https:\/\/api.w.org\/{rel}","templated":true}]}}