{"id":5075,"date":"2017-10-30T13:11:41","date_gmt":"2017-10-30T11:11:41","guid":{"rendered":"http:\/\/blog.liesdoch.de\/?p=5075"},"modified":"2017-10-30T13:11:41","modified_gmt":"2017-10-30T11:11:41","slug":"maluna-mondschein-und-die-kleine-lichterfe","status":"publish","type":"post","link":"https:\/\/blog.liesdoch.de\/?p=5075","title":{"rendered":"Maluna Mondschein und die kleine Lichterfe"},"content":{"rendered":"<p><strong><\/strong><\/p>\n<p>&nbsp;<\/p>\n<p>&nbsp;<\/p>\n<p><a href=\"http:\/\/blog.liesdoch.de\/wp-content\/uploads\/2017\/10\/48075908z.jpg\"><img loading=\"lazy\" decoding=\"async\" class=\"alignnone size-medium wp-image-5076\" src=\"http:\/\/blog.liesdoch.de\/wp-content\/uploads\/2017\/10\/48075908z-232x300.jpg\" alt=\"\" width=\"232\" height=\"300\" srcset=\"https:\/\/blog.liesdoch.de\/wp-content\/uploads\/2017\/10\/48075908z-232x300.jpg 232w, https:\/\/blog.liesdoch.de\/wp-content\/uploads\/2017\/10\/48075908z.jpg 368w\" sizes=\"auto, (max-width: 232px) 100vw, 232px\" \/><\/a><\/p>\n<p>Andrea Sch\u00fctze, Tina Kraus, Maluna Mondschein und die kleine Lichterfee, Ellermann 2017, ISBN 978-3-7707-2926-5<\/p>\n<p>&nbsp;<\/p>\n<p>Mit sch\u00f6nen und ansprechenden Figuren entf\u00fchrt Andrea Sch\u00fctze in ihrer Buchserie \u00fcber die Gute-Nacht-Fee Maluna Mondschein ihre kleinen Leserinnen in die Welt der Phantasie. Maluna Mondschein ist eine kleine Fee und lebt im Zauberwald.<br \/>\nZusammen mit ihren Freunden, dem kleinen Drachen, dem kleinen Zauberer, dem kleinen B\u00e4ren, den Schwestern Rosarot und noch vielen anderen Tieren, Elfen, Feen und Wesen.<br \/>\nIn dem vorliegenden neuen Bilderbuch nimmt Maluna Monschein zusammen mit vielen neuen Freunden am Lichterfest der Lichterfee Candelia teil. Wenn man die einzelnen Seiten dieses Buches unter eine helle Lichtquelle h\u00e4lt, dann leuchten sie. Eine ganz besondere Attraktion<br \/>\nbesonders f\u00fcr kleine M\u00e4dchen, die von dieser Feen- und M\u00e4rchenwelt, die Tina Kraus ansprechend ins Bild gesetzt hat, begeistert sein werden.<\/p>\n<p>&nbsp;<\/p>\n<p>&nbsp;<\/p>\n<p>&nbsp;<\/p>\n<p>&nbsp;<\/p>\n","protected":false},"excerpt":{"rendered":"<p>&nbsp; &nbsp; Andrea Sch\u00fctze, Tina Kraus, Maluna Mondschein und die kleine Lichterfee, Ellermann 2017, ISBN 978-3-7707-2926-5 &nbsp; Mit sch\u00f6nen und ansprechenden Figuren entf\u00fchrt Andrea Sch\u00fctze in ihrer Buchserie \u00fcber die Gute-Nacht-Fee Maluna Mondschein ihre kleinen Leserinnen in die Welt der Phantasie. Maluna Mondschein ist eine kleine Fee und lebt im Zauberwald. Zusammen mit ihren Freunden, &hellip; <a href=\"https:\/\/blog.liesdoch.de\/?p=5075\" class=\"more-link\"><span class=\"screen-reader-text\">Maluna Mondschein und die kleine Lichterfe<\/span> weiterlesen <span class=\"meta-nav\">&rarr;<\/span><\/a><\/p>\n","protected":false},"author":6,"featured_media":0,"comment_status":"closed","ping_status":"open","sticky":false,"template":"","format":"standard","meta":{"footnotes":""},"categories":[1],"tags":[],"class_list":["post-5075","post","type-post","status-publish","format-standard","hentry","category-allgemein"],"_links":{"self":[{"href":"https:\/\/blog.liesdoch.de\/index.php?rest_route=\/wp\/v2\/posts\/5075","targetHints":{"allow":["GET"]}}],"collection":[{"href":"https:\/\/blog.liesdoch.de\/index.php?rest_route=\/wp\/v2\/posts"}],"about":[{"href":"https:\/\/blog.liesdoch.de\/index.php?rest_route=\/wp\/v2\/types\/post"}],"author":[{"embeddable":true,"href":"https:\/\/blog.liesdoch.de\/index.php?rest_route=\/wp\/v2\/users\/6"}],"replies":[{"embeddable":true,"href":"https:\/\/blog.liesdoch.de\/index.php?rest_route=%2Fwp%2Fv2%2Fcomments&post=5075"}],"version-history":[{"count":1,"href":"https:\/\/blog.liesdoch.de\/index.php?rest_route=\/wp\/v2\/posts\/5075\/revisions"}],"predecessor-version":[{"id":5077,"href":"https:\/\/blog.liesdoch.de\/index.php?rest_route=\/wp\/v2\/posts\/5075\/revisions\/5077"}],"wp:attachment":[{"href":"https:\/\/blog.liesdoch.de\/index.php?rest_route=%2Fwp%2Fv2%2Fmedia&parent=5075"}],"wp:term":[{"taxonomy":"category","embeddable":true,"href":"https:\/\/blog.liesdoch.de\/index.php?rest_route=%2Fwp%2Fv2%2Fcategories&post=5075"},{"taxonomy":"post_tag","embeddable":true,"href":"https:\/\/blog.liesdoch.de\/index.php?rest_route=%2Fwp%2Fv2%2Ftags&post=5075"}],"curies":[{"name":"wp","href":"https:\/\/api.w.org\/{rel}","templated":true}]}}