{"id":5089,"date":"2017-11-08T12:43:34","date_gmt":"2017-11-08T10:43:34","guid":{"rendered":"http:\/\/blog.liesdoch.de\/?p=5089"},"modified":"2017-11-08T12:43:34","modified_gmt":"2017-11-08T10:43:34","slug":"am-grund-des-universums","status":"publish","type":"post","link":"https:\/\/blog.liesdoch.de\/?p=5089","title":{"rendered":"Am Grund des Universums"},"content":{"rendered":"<p>&nbsp;<\/p>\n<p>&nbsp;<\/p>\n<p>&nbsp;<\/p>\n<p><a href=\"http:\/\/blog.liesdoch.de\/wp-content\/uploads\/2017\/11\/47999006z.jpg\"><img loading=\"lazy\" decoding=\"async\" class=\"alignnone size-medium wp-image-5090\" src=\"http:\/\/blog.liesdoch.de\/wp-content\/uploads\/2017\/11\/47999006z-178x300.jpg\" alt=\"\" width=\"178\" height=\"300\" srcset=\"https:\/\/blog.liesdoch.de\/wp-content\/uploads\/2017\/11\/47999006z-178x300.jpg 178w, https:\/\/blog.liesdoch.de\/wp-content\/uploads\/2017\/11\/47999006z.jpg 282w\" sizes=\"auto, (max-width: 178px) 100vw, 178px\" \/><\/a><\/p>\n<p>Norbert Scheuer, Am Grund des Universums, C.H. Beck 2017, ISBN 978-3-406-71179-4<\/p>\n<p>&nbsp;<\/p>\n<p>Mit \u201e\u00dcberm Rauschen\u201c, das 2009 erschien und auf der Shortlist f\u00fcr den Deutschen Buchkreis stand, hat der in der Eifel lebenden Schriftsteller Norbert Scheuer seine Leser zum ersten Mal in die leise und verborgene Welt eines Eifeldorfes namens Kall entf\u00fchrt und \u00fcber seine Bewohner, ihre Beziehungen, ihre Geschichte und ihre Sehns\u00fcchte geschrieben.<\/p>\n<p>&nbsp;<\/p>\n<p>Mit \u201ePeehs Liebe\u201c und \u201eDie Sprache der V\u00f6gel\u201c folgte ein weiterer Roman \u00fcber Kall, ein Buch, das einen treffen kann dorthin, wo man selbst klein und verletzlich, unverstanden und belacht, schwach und unscheinbar ist. Ein Buch, das mit einer faszinierende Sprache von der ersten Seite an Poesie in die Seele des Lesers zaubert, von der er lange zehrt. Und es ist Ausdruck einer Haltung, die Norbert Scheuer an einer Stelle des Buches so ausdr\u00fcckt: \u201eVielleicht hat das Leben nur den Sinn, dass man am Ende jemandem eine Geschichte erz\u00e4hlt.\u201c<\/p>\n<p>&nbsp;<\/p>\n<p>Der in \u201eDie Sprache der V\u00f6gel\u201c, seinem dritten Dorfroman in Afghanistan k\u00e4mpfende und dort schwer verletzte Vogelforscher Paul Arimond ist im vorliegenden Band genauso nach Kall zur\u00fcckgekehrt, wie der ehemalige Betriebselektriker des Zementwerkes L\u00fcnebach. Er will ein Raumschiff bauen und bis ans Ende des Universums fliegen.<\/p>\n<p>&nbsp;<\/p>\n<p>Der Erz\u00e4hlbogen reicht von der R\u00fcckkehr Pauls 2006 bis zum Jahr 2014 und beschreibt eine stille Liebes- und Alltagsgeschichte. Im Hintergrund geht es immer um eine Welt verschollener Dinge und Geheimnisse. Eine Gruppe von alten M\u00e4nner, die er \u201edie Grauk\u00f6pfe\u201c nennt, trifft sich jeden Tag im Cafe und beobachten das Dorfgeschehen und geben ihre eigenwilligen Kommentare dazu ab.\u00a0 Besonders kritisch und stellenweise auch schadenfreudig kommentieren sie die sehr schleppenden Versuche, durch die Erweiterung des Stausees ein Ferienpark zu errichten und Touristen nach Kall zu locken. Nicht die einzige Ver\u00e4nderung ist das allerdings, die im Dorf vor sich geht. Norbert Scheuer erz\u00e4hlt vom Leben unterschiedlichster Menschen, die Debatten um den Stausee sind sozusagen das Zentrum, um das er sie alle anordnet. Er erz\u00e4hlt von ihnen mit leisen T\u00f6nen, unspektakul\u00e4r beschreibend und mit einer wundersch\u00f6nen poetischen Sprache, die mich bei den fr\u00fcheren B\u00fcchern schon in den Bann\u00a0 gezogen hat.<\/p>\n<p>&nbsp;<\/p>\n<p>Der Roman besteht aus vielen kleinen, meist nur drei Seiten umfassenden Geschichten, ein \u201eReigen aus unendlich vielen vergessenen Geschichten&#8220;, wie Scheuer in einer Danksagung schreibt. \u201eVielleicht kann man sagen, das unser Leben auch nur ein Reigen, aus unendlich vielen vergessenen Geschichten ist.\u201c<\/p>\n<p>&nbsp;<\/p>\n<p>Vielleicht deshalb l\u00f6sen Scheuers Geschichten und seine Sprache beim begeisterten Rezensenten eine Art W\u00e4rme aus, die ihm eine ganz besondere Wertsch\u00e4tzung f\u00fcr die sonst unsichtbaren und vergessenen Aspekte seines eigenen Lebens und des Lebens insgesamt nahebringt.<\/p>\n<p>&nbsp;<\/p>\n","protected":false},"excerpt":{"rendered":"<p>&nbsp; &nbsp; &nbsp; Norbert Scheuer, Am Grund des Universums, C.H. Beck 2017, ISBN 978-3-406-71179-4 &nbsp; Mit \u201e\u00dcberm Rauschen\u201c, das 2009 erschien und auf der Shortlist f\u00fcr den Deutschen Buchkreis stand, hat der in der Eifel lebenden Schriftsteller Norbert Scheuer seine Leser zum ersten Mal in die leise und verborgene Welt eines Eifeldorfes namens Kall entf\u00fchrt &hellip; <a href=\"https:\/\/blog.liesdoch.de\/?p=5089\" class=\"more-link\"><span class=\"screen-reader-text\">Am Grund des Universums<\/span> weiterlesen <span class=\"meta-nav\">&rarr;<\/span><\/a><\/p>\n","protected":false},"author":6,"featured_media":0,"comment_status":"closed","ping_status":"open","sticky":false,"template":"","format":"standard","meta":{"footnotes":""},"categories":[1],"tags":[],"class_list":["post-5089","post","type-post","status-publish","format-standard","hentry","category-allgemein"],"_links":{"self":[{"href":"https:\/\/blog.liesdoch.de\/index.php?rest_route=\/wp\/v2\/posts\/5089","targetHints":{"allow":["GET"]}}],"collection":[{"href":"https:\/\/blog.liesdoch.de\/index.php?rest_route=\/wp\/v2\/posts"}],"about":[{"href":"https:\/\/blog.liesdoch.de\/index.php?rest_route=\/wp\/v2\/types\/post"}],"author":[{"embeddable":true,"href":"https:\/\/blog.liesdoch.de\/index.php?rest_route=\/wp\/v2\/users\/6"}],"replies":[{"embeddable":true,"href":"https:\/\/blog.liesdoch.de\/index.php?rest_route=%2Fwp%2Fv2%2Fcomments&post=5089"}],"version-history":[{"count":1,"href":"https:\/\/blog.liesdoch.de\/index.php?rest_route=\/wp\/v2\/posts\/5089\/revisions"}],"predecessor-version":[{"id":5091,"href":"https:\/\/blog.liesdoch.de\/index.php?rest_route=\/wp\/v2\/posts\/5089\/revisions\/5091"}],"wp:attachment":[{"href":"https:\/\/blog.liesdoch.de\/index.php?rest_route=%2Fwp%2Fv2%2Fmedia&parent=5089"}],"wp:term":[{"taxonomy":"category","embeddable":true,"href":"https:\/\/blog.liesdoch.de\/index.php?rest_route=%2Fwp%2Fv2%2Fcategories&post=5089"},{"taxonomy":"post_tag","embeddable":true,"href":"https:\/\/blog.liesdoch.de\/index.php?rest_route=%2Fwp%2Fv2%2Ftags&post=5089"}],"curies":[{"name":"wp","href":"https:\/\/api.w.org\/{rel}","templated":true}]}}