{"id":5103,"date":"2017-11-09T16:54:46","date_gmt":"2017-11-09T14:54:46","guid":{"rendered":"http:\/\/blog.liesdoch.de\/?p=5103"},"modified":"2017-11-09T16:54:46","modified_gmt":"2017-11-09T14:54:46","slug":"der-weihnachtswichtel-und-der-kleine-baer","status":"publish","type":"post","link":"https:\/\/blog.liesdoch.de\/?p=5103","title":{"rendered":"Der Weihnachtswichtel und der kleine B\u00e4r"},"content":{"rendered":"<p>&nbsp;<\/p>\n<p>&nbsp;<\/p>\n<p>&nbsp;<\/p>\n<p><a href=\"http:\/\/blog.liesdoch.de\/wp-content\/uploads\/2017\/11\/48073503z.jpg\"><img loading=\"lazy\" decoding=\"async\" class=\"alignnone size-medium wp-image-5104\" src=\"http:\/\/blog.liesdoch.de\/wp-content\/uploads\/2017\/11\/48073503z-300x300.jpg\" alt=\"\" width=\"300\" height=\"300\" srcset=\"https:\/\/blog.liesdoch.de\/wp-content\/uploads\/2017\/11\/48073503z-300x300.jpg 300w, https:\/\/blog.liesdoch.de\/wp-content\/uploads\/2017\/11\/48073503z-150x150.jpg 150w, https:\/\/blog.liesdoch.de\/wp-content\/uploads\/2017\/11\/48073503z.jpg 475w\" sizes=\"auto, (max-width: 300px) 100vw, 300px\" \/><\/a><\/p>\n<p>&nbsp;<\/p>\n<p>Kerstin M. Schuld, Der Weihnachtswichtel und der kleine B\u00e4r, Oetinger 2017, ISBN 978-3-7891-0451-0<\/p>\n<p>&nbsp;<\/p>\n<p>Es ist kurz vor Weihnachten und der Wichtelmann hat in seiner Werkstatt viel zu tun. Weil ihm das Holz f\u00fcr seinen Ofen ausgegangen ist und er friert, zieht er mit seinem Esel in den Wald um etwas Holz zu holen.<\/p>\n<p>Dabei beobachte er zwei Kinder, die mit ihrem Vater einen Weihnachtsbaum aus dem Wald holen und ihn mit ihrem Schlitten heimbringen. Doch die kleine Ida hat ihren Teddyb\u00e4r, den sie auf dem Schlitten mit in den Wald nahm, auf dem schneebedeckten Boden vergessen.<\/p>\n<p>&nbsp;<\/p>\n<p>Schnell birgt der Wichtelmann den B\u00e4r, folgt dem Schlitten und schafft es heimlich, den B\u00e4r der kleinen untr\u00f6stlichen Ida ihr unter den Weihnachtsbaum zu legen. Da ist die Freude gro\u00df \u2013 auch f\u00fcr den gl\u00fccklichen Wichtel.<\/p>\n<p>&nbsp;<\/p>\n<p>Eine wundersch\u00f6ne, \u00fcbrigens toll gereimte Wichtelweihnachtsgeschichte f\u00fcr kleine Kinder ab 2 Jahren.<\/p>\n<p>&nbsp;<\/p>\n<p>&nbsp;<\/p>\n<p>&nbsp;<\/p>\n","protected":false},"excerpt":{"rendered":"<p>&nbsp; &nbsp; &nbsp; &nbsp; Kerstin M. Schuld, Der Weihnachtswichtel und der kleine B\u00e4r, Oetinger 2017, ISBN 978-3-7891-0451-0 &nbsp; Es ist kurz vor Weihnachten und der Wichtelmann hat in seiner Werkstatt viel zu tun. Weil ihm das Holz f\u00fcr seinen Ofen ausgegangen ist und er friert, zieht er mit seinem Esel in den Wald um etwas &hellip; <a href=\"https:\/\/blog.liesdoch.de\/?p=5103\" class=\"more-link\"><span class=\"screen-reader-text\">Der Weihnachtswichtel und der kleine B\u00e4r<\/span> weiterlesen <span class=\"meta-nav\">&rarr;<\/span><\/a><\/p>\n","protected":false},"author":6,"featured_media":0,"comment_status":"closed","ping_status":"open","sticky":false,"template":"","format":"standard","meta":{"footnotes":""},"categories":[1],"tags":[],"class_list":["post-5103","post","type-post","status-publish","format-standard","hentry","category-allgemein"],"_links":{"self":[{"href":"https:\/\/blog.liesdoch.de\/index.php?rest_route=\/wp\/v2\/posts\/5103","targetHints":{"allow":["GET"]}}],"collection":[{"href":"https:\/\/blog.liesdoch.de\/index.php?rest_route=\/wp\/v2\/posts"}],"about":[{"href":"https:\/\/blog.liesdoch.de\/index.php?rest_route=\/wp\/v2\/types\/post"}],"author":[{"embeddable":true,"href":"https:\/\/blog.liesdoch.de\/index.php?rest_route=\/wp\/v2\/users\/6"}],"replies":[{"embeddable":true,"href":"https:\/\/blog.liesdoch.de\/index.php?rest_route=%2Fwp%2Fv2%2Fcomments&post=5103"}],"version-history":[{"count":1,"href":"https:\/\/blog.liesdoch.de\/index.php?rest_route=\/wp\/v2\/posts\/5103\/revisions"}],"predecessor-version":[{"id":5105,"href":"https:\/\/blog.liesdoch.de\/index.php?rest_route=\/wp\/v2\/posts\/5103\/revisions\/5105"}],"wp:attachment":[{"href":"https:\/\/blog.liesdoch.de\/index.php?rest_route=%2Fwp%2Fv2%2Fmedia&parent=5103"}],"wp:term":[{"taxonomy":"category","embeddable":true,"href":"https:\/\/blog.liesdoch.de\/index.php?rest_route=%2Fwp%2Fv2%2Fcategories&post=5103"},{"taxonomy":"post_tag","embeddable":true,"href":"https:\/\/blog.liesdoch.de\/index.php?rest_route=%2Fwp%2Fv2%2Ftags&post=5103"}],"curies":[{"name":"wp","href":"https:\/\/api.w.org\/{rel}","templated":true}]}}