{"id":5165,"date":"2017-11-15T14:59:44","date_gmt":"2017-11-15T12:59:44","guid":{"rendered":"http:\/\/blog.liesdoch.de\/?p=5165"},"modified":"2017-11-15T14:59:44","modified_gmt":"2017-11-15T12:59:44","slug":"paula","status":"publish","type":"post","link":"https:\/\/blog.liesdoch.de\/?p=5165","title":{"rendered":"Paula"},"content":{"rendered":"<p>&nbsp;<\/p>\n<p><a href=\"http:\/\/blog.liesdoch.de\/wp-content\/uploads\/2017\/11\/48011849z.jpg\"><img loading=\"lazy\" decoding=\"async\" class=\"alignnone size-medium wp-image-5166\" src=\"http:\/\/blog.liesdoch.de\/wp-content\/uploads\/2017\/11\/48011849z-183x300.jpg\" alt=\"\" width=\"183\" height=\"300\" srcset=\"https:\/\/blog.liesdoch.de\/wp-content\/uploads\/2017\/11\/48011849z-183x300.jpg 183w, https:\/\/blog.liesdoch.de\/wp-content\/uploads\/2017\/11\/48011849z.jpg 290w\" sizes=\"auto, (max-width: 183px) 100vw, 183px\" \/><\/a><\/p>\n<p>Sandra Hoffmann, Paula, Hanser Berlin 2017, ISBN 978-3-446-25682-8<\/p>\n<p>&nbsp;<\/p>\n<p>In ihrem letzten vor f\u00fcnf Jahren erschienenen Roman \u201eWas ihm fehlen wird, wenn er tot ist\u201c erz\u00e4hlte die Schriftstellerin Sandra Hoffmann die sehr einf\u00fchlsame Geschichte einer Lebensbilanz und einer gro\u00dfe Liebe. Die Geschichte eines Lebens voller Bewahrung und voller schmerzhafter Verluste.\u00a0 Und es war eine stille Hommage an die unz\u00e4hligen unbekannten Menschen, die in den Hospizen und Heimen dieses Landes sterbende Frauen und M\u00e4nner begleiten, indem sie ihnen zuh\u00f6ren, ihre Hand halten und es aushalten, sonst nichts mehr tun zu k\u00f6nnen. Jedes Leben ist wertvoll, und es ist wert erz\u00e4hlt zu werden, das war die leise Botschaft dieses z\u00e4rtlichen Buches, das, wie sich nun\u00a0 im zweiten bisher leider von der Kritik wenig beachteten Roman \u201ePaula\u201c herausstellt, ebenso biographische Bez\u00fcge besitzt wie \u201ePaula\u201c selbst.<\/p>\n<p>&nbsp;<\/p>\n<p>Als die Gro\u00dfmutter gestorben ist, sitzt die Erz\u00e4hlerin vor einer Kiste voller Bilder, die sich ihr nicht \u00f6ffnen. Denn was kann man von einem Leben erinnern, was kann einem bleiben von einem Menschen, der sich sein ganzes Leben lang dem Schweigen verschrieben hatte?<\/p>\n<p>&nbsp;<\/p>\n<p>1997 ist sie gestorben ist Paula mit 82 Jahren gestorben. Nun fast zwei Jahrzehnte danach macht sich Sandra Hoffman auf eine schmerzhafte aber schlussendlich heilsame Spurensuche. Sie ist &#8222;Gast und die Fremde zugleich&#8220; in ihrer eigenen Geschichte, die dadurch gepr\u00e4gt ist, dass sie ebenso wie die Gro\u00dfmutter immer an ihre Rollen scheiterte.<\/p>\n<p>&nbsp;<\/p>\n<p>&#8222;Sie hat ihr ganzes Leben, alle ihre Geheimisse, aber auch alle ihre N\u00f6te mit ins Grab genommen.&#8220; Die Autorin, selbst aufgewachsen in einem freudlosen und vom Schweigen dominierten Elternhaus, \u00fcberschattet von einem dunklen Geheimnis, will mit ihrer Spurensuche dem Leben der geliebten und gehassten Gro\u00dfmutter genauso eine Geschichte geben wie das eigene auf eine neue Spur zu setzen.<\/p>\n<p>&nbsp;<\/p>\n<p>Sandra Hoffmann \u00a0erz\u00e4hlt eindrucksvoll und voller Br\u00fcche von ihrer tastenden Suche nach einem Gl\u00fcck, das es auch im Leben der Gro\u00dfmutter einmal gegeben haben muss. Indem sie eine \u00fcber das Schicksal der ehemaligen Reinemachefrau hinausreichende Biografie entwirft, schreibt sie auch ihr eigenes Leben neu und gibt ihm neuen Grund.<\/p>\n<p>&nbsp;<\/p>\n<p>Was mich sehr ber\u00fchrt hat, ist \u00a0eine gro\u00dfe Liebeserkl\u00e4rung an den Ehemann der Autorin. Mit ihm, schreibt sie, sei &#8222;alles besser, nur weil wir uns haben, auch wenn wir gerade kilometerweit voneinander entfernt sind&#8220;.<\/p>\n<p>Ein kluges und sehr ber\u00fchrendes Buch. Ich bin auf das n\u00e4chste Buch von Sandra Hoffmann\u00a0 sehr gespannt.<\/p>\n<p>&nbsp;<\/p>\n<p>&nbsp;<\/p>\n<p>&nbsp;<\/p>\n<p>&nbsp;<\/p>\n<p>&nbsp;<\/p>\n<p>&nbsp;<\/p>\n<p>&nbsp;<\/p>\n","protected":false},"excerpt":{"rendered":"<p>&nbsp; Sandra Hoffmann, Paula, Hanser Berlin 2017, ISBN 978-3-446-25682-8 &nbsp; In ihrem letzten vor f\u00fcnf Jahren erschienenen Roman \u201eWas ihm fehlen wird, wenn er tot ist\u201c erz\u00e4hlte die Schriftstellerin Sandra Hoffmann die sehr einf\u00fchlsame Geschichte einer Lebensbilanz und einer gro\u00dfe Liebe. Die Geschichte eines Lebens voller Bewahrung und voller schmerzhafter Verluste.\u00a0 Und es war eine &hellip; <a href=\"https:\/\/blog.liesdoch.de\/?p=5165\" class=\"more-link\"><span class=\"screen-reader-text\">Paula<\/span> weiterlesen <span class=\"meta-nav\">&rarr;<\/span><\/a><\/p>\n","protected":false},"author":6,"featured_media":0,"comment_status":"closed","ping_status":"open","sticky":false,"template":"","format":"standard","meta":{"footnotes":""},"categories":[1],"tags":[],"class_list":["post-5165","post","type-post","status-publish","format-standard","hentry","category-allgemein"],"_links":{"self":[{"href":"https:\/\/blog.liesdoch.de\/index.php?rest_route=\/wp\/v2\/posts\/5165","targetHints":{"allow":["GET"]}}],"collection":[{"href":"https:\/\/blog.liesdoch.de\/index.php?rest_route=\/wp\/v2\/posts"}],"about":[{"href":"https:\/\/blog.liesdoch.de\/index.php?rest_route=\/wp\/v2\/types\/post"}],"author":[{"embeddable":true,"href":"https:\/\/blog.liesdoch.de\/index.php?rest_route=\/wp\/v2\/users\/6"}],"replies":[{"embeddable":true,"href":"https:\/\/blog.liesdoch.de\/index.php?rest_route=%2Fwp%2Fv2%2Fcomments&post=5165"}],"version-history":[{"count":1,"href":"https:\/\/blog.liesdoch.de\/index.php?rest_route=\/wp\/v2\/posts\/5165\/revisions"}],"predecessor-version":[{"id":5167,"href":"https:\/\/blog.liesdoch.de\/index.php?rest_route=\/wp\/v2\/posts\/5165\/revisions\/5167"}],"wp:attachment":[{"href":"https:\/\/blog.liesdoch.de\/index.php?rest_route=%2Fwp%2Fv2%2Fmedia&parent=5165"}],"wp:term":[{"taxonomy":"category","embeddable":true,"href":"https:\/\/blog.liesdoch.de\/index.php?rest_route=%2Fwp%2Fv2%2Fcategories&post=5165"},{"taxonomy":"post_tag","embeddable":true,"href":"https:\/\/blog.liesdoch.de\/index.php?rest_route=%2Fwp%2Fv2%2Ftags&post=5165"}],"curies":[{"name":"wp","href":"https:\/\/api.w.org\/{rel}","templated":true}]}}