{"id":5194,"date":"2017-11-22T13:30:19","date_gmt":"2017-11-22T11:30:19","guid":{"rendered":"http:\/\/blog.liesdoch.de\/?p=5194"},"modified":"2017-11-22T13:30:19","modified_gmt":"2017-11-22T11:30:19","slug":"gleich-sagt-mama","status":"publish","type":"post","link":"https:\/\/blog.liesdoch.de\/?p=5194","title":{"rendered":"Gleich, sagt Mama"},"content":{"rendered":"<p>&nbsp;<\/p>\n<p>&nbsp;<\/p>\n<p>&nbsp;<\/p>\n<p><a href=\"http:\/\/blog.liesdoch.de\/wp-content\/uploads\/2017\/11\/44190033z.jpg\"><img loading=\"lazy\" decoding=\"async\" class=\"alignnone size-medium wp-image-5195\" src=\"http:\/\/blog.liesdoch.de\/wp-content\/uploads\/2017\/11\/44190033z-244x300.jpg\" alt=\"\" width=\"244\" height=\"300\" srcset=\"https:\/\/blog.liesdoch.de\/wp-content\/uploads\/2017\/11\/44190033z-244x300.jpg 244w, https:\/\/blog.liesdoch.de\/wp-content\/uploads\/2017\/11\/44190033z.jpg 387w\" sizes=\"auto, (max-width: 244px) 100vw, 244px\" \/><\/a><\/p>\n<p>&nbsp;<\/p>\n<p>Ingrid Olsson, Charlotte Ramel, Gleich, sagt Mama, Klett Kinderbuch 2016, ISBN 978-3-95470-130-8<\/p>\n<p>&nbsp;<\/p>\n<p>Frida, die Hauptperson in diesem aus dem Schwedischen von Birgitta Kicherer \u00fcbersetzten Bilderbuch ist ein aufgewecktes und lebendiges M\u00e4dchen, wie viele andere Kindern auch voller Erlebnisse und mit unbedingtem Mitteilungsdrang, die manchmal auf gerade anderweitig besch\u00e4ftigte M\u00fctter und Eltern treffen.<\/p>\n<p>&nbsp;<\/p>\n<p>Frida hat zu Beginn des Buches einen faszinierenden Fund gemacht und will den plattgefahrenen Frosch, den sie in einem Glas aufbewahrt sofort ihrem Freund Malte zeigen. Er wird verstehen, was f\u00fcr ein toller Fund das ist. Aber Mama sagt: \u201eGleich. Erst wird gegessen.\u201c<\/p>\n<p>&nbsp;<\/p>\n<p>Frida wird dar\u00fcber so w\u00fctend, dass sie etwas kaputt machen will. Sp\u00e4ter als es herauskommt, kann\u00a0 sie ihrer Mutter gar nicht richtig erkl\u00e4ren, warum sie den sch\u00f6nen Stoff zerschnitten hat, aus dem ihr die Mutter ein Kleid n\u00e4hen wollte.<\/p>\n<p>&nbsp;<\/p>\n<p>Die Mutter reagiert mit mehr Verst\u00e4ndnis, als uns Eltern das in so einem Fall im Alltag in der Regel m\u00f6glich ist. Sie sp\u00fcrt, sie ist mit ihrer durch die Vorbereitung des Essens bedingten inneren Abwesenheit die Hauptursache, des Vorfalls.<\/p>\n<p>&nbsp;<\/p>\n<p>Liebevoll entsch\u00e4rft sie die Situation, die ohne p\u00e4dagogischen Zeigefinger durch lebendige Illustrationen mit Buntstift ausdrucksstark ins Bild gesetzt ist.<\/p>\n<p>&nbsp;<\/p>\n<p>&nbsp;<\/p>\n<p>&nbsp;<\/p>\n","protected":false},"excerpt":{"rendered":"<p>&nbsp; &nbsp; &nbsp; &nbsp; Ingrid Olsson, Charlotte Ramel, Gleich, sagt Mama, Klett Kinderbuch 2016, ISBN 978-3-95470-130-8 &nbsp; Frida, die Hauptperson in diesem aus dem Schwedischen von Birgitta Kicherer \u00fcbersetzten Bilderbuch ist ein aufgewecktes und lebendiges M\u00e4dchen, wie viele andere Kindern auch voller Erlebnisse und mit unbedingtem Mitteilungsdrang, die manchmal auf gerade anderweitig besch\u00e4ftigte M\u00fctter und &hellip; <a href=\"https:\/\/blog.liesdoch.de\/?p=5194\" class=\"more-link\"><span class=\"screen-reader-text\">Gleich, sagt Mama<\/span> weiterlesen <span class=\"meta-nav\">&rarr;<\/span><\/a><\/p>\n","protected":false},"author":6,"featured_media":0,"comment_status":"closed","ping_status":"open","sticky":false,"template":"","format":"standard","meta":{"footnotes":""},"categories":[1],"tags":[],"class_list":["post-5194","post","type-post","status-publish","format-standard","hentry","category-allgemein"],"_links":{"self":[{"href":"https:\/\/blog.liesdoch.de\/index.php?rest_route=\/wp\/v2\/posts\/5194","targetHints":{"allow":["GET"]}}],"collection":[{"href":"https:\/\/blog.liesdoch.de\/index.php?rest_route=\/wp\/v2\/posts"}],"about":[{"href":"https:\/\/blog.liesdoch.de\/index.php?rest_route=\/wp\/v2\/types\/post"}],"author":[{"embeddable":true,"href":"https:\/\/blog.liesdoch.de\/index.php?rest_route=\/wp\/v2\/users\/6"}],"replies":[{"embeddable":true,"href":"https:\/\/blog.liesdoch.de\/index.php?rest_route=%2Fwp%2Fv2%2Fcomments&post=5194"}],"version-history":[{"count":1,"href":"https:\/\/blog.liesdoch.de\/index.php?rest_route=\/wp\/v2\/posts\/5194\/revisions"}],"predecessor-version":[{"id":5196,"href":"https:\/\/blog.liesdoch.de\/index.php?rest_route=\/wp\/v2\/posts\/5194\/revisions\/5196"}],"wp:attachment":[{"href":"https:\/\/blog.liesdoch.de\/index.php?rest_route=%2Fwp%2Fv2%2Fmedia&parent=5194"}],"wp:term":[{"taxonomy":"category","embeddable":true,"href":"https:\/\/blog.liesdoch.de\/index.php?rest_route=%2Fwp%2Fv2%2Fcategories&post=5194"},{"taxonomy":"post_tag","embeddable":true,"href":"https:\/\/blog.liesdoch.de\/index.php?rest_route=%2Fwp%2Fv2%2Ftags&post=5194"}],"curies":[{"name":"wp","href":"https:\/\/api.w.org\/{rel}","templated":true}]}}