{"id":525,"date":"2015-09-18T08:04:19","date_gmt":"2015-09-18T06:04:19","guid":{"rendered":"http:\/\/blog.liesdoch.de\/?p=525"},"modified":"2015-09-18T08:04:19","modified_gmt":"2015-09-18T06:04:19","slug":"kleiner-floh-ganz-gross","status":"publish","type":"post","link":"https:\/\/blog.liesdoch.de\/?p=525","title":{"rendered":"Kleiner Floh ganz gro\u00df"},"content":{"rendered":"<p><a href=\"http:\/\/blog.liesdoch.de\/wp-content\/uploads\/2015\/09\/41768183z.jpg\"><img loading=\"lazy\" decoding=\"async\" class=\"alignnone size-medium wp-image-526\" src=\"http:\/\/blog.liesdoch.de\/wp-content\/uploads\/2015\/09\/41768183z-300x300.jpg\" alt=\"41768183z\" width=\"300\" height=\"300\" srcset=\"https:\/\/blog.liesdoch.de\/wp-content\/uploads\/2015\/09\/41768183z-300x300.jpg 300w, https:\/\/blog.liesdoch.de\/wp-content\/uploads\/2015\/09\/41768183z-150x150.jpg 150w, https:\/\/blog.liesdoch.de\/wp-content\/uploads\/2015\/09\/41768183z.jpg 340w\" sizes=\"auto, (max-width: 300px) 100vw, 300px\" \/><\/a><\/p>\n<p>Laurie Cohen, Kleiner Floh, ganz gro\u00df, Gerstenberg 2015, ISBN 978-3-8369-5821-9<\/p>\n<p>&nbsp;<\/p>\n<p>Dieses kleine handliche Bilderbuch f\u00fcr Kinder ab etwa 2 Jahren erz\u00e4hlt in einfachen Bildern und in knapper, verst\u00e4ndlicher Sprache die Geschichte eines kleinen Flohs. Der f\u00fchlt sich extrem klein, w\u00e4re gerne gro\u00df, und beschlie\u00dft auf verschiedene Dinge zu klettern.<\/p>\n<p>Zuerst versucht er es mit der Erbse, dann mit einem Apfel, einer Blume und einer Kletterpflanze. Dann ist ihm nach Gr\u00f6\u00dferem und er setzt sich auf ein Haus, einen Mast, einen Wolkenkratzer und schlie\u00dflich auf eine Wolke.<\/p>\n<p>Ein B\u00e4r, der ihn, in die Luft schauend, dort entdeckt, macht sich lustig \u00fcber ihn und sagt, er sei klitzeklein, w\u00e4hrend er dagegen \u2026<\/p>\n<p>Das h\u00e4tte er lieber nicht gesagt, denn im Fell des B\u00e4ren, auf den der Floh sich wutentbrannt gest\u00fcrzt hat, ist der Floh sehr gro\u00df: der gr\u00f6\u00dfte Qu\u00e4lgeist n\u00e4mlich.<\/p>\n<p>Ein sch\u00f6nes Bilderbuch, in dem die Kinder anschaulich etwas lernen k\u00f6nnen \u00fcber Gr\u00f6\u00dfenverh\u00e4ltnisse.<\/p>\n","protected":false},"excerpt":{"rendered":"<p>Laurie Cohen, Kleiner Floh, ganz gro\u00df, Gerstenberg 2015, ISBN 978-3-8369-5821-9 &nbsp; Dieses kleine handliche Bilderbuch f\u00fcr Kinder ab etwa 2 Jahren erz\u00e4hlt in einfachen Bildern und in knapper, verst\u00e4ndlicher Sprache die Geschichte eines kleinen Flohs. Der f\u00fchlt sich extrem klein, w\u00e4re gerne gro\u00df, und beschlie\u00dft auf verschiedene Dinge zu klettern. Zuerst versucht er es mit &hellip; <a href=\"https:\/\/blog.liesdoch.de\/?p=525\" class=\"more-link\"><span class=\"screen-reader-text\">Kleiner Floh ganz gro\u00df<\/span> weiterlesen <span class=\"meta-nav\">&rarr;<\/span><\/a><\/p>\n","protected":false},"author":6,"featured_media":0,"comment_status":"open","ping_status":"open","sticky":false,"template":"","format":"standard","meta":{"footnotes":""},"categories":[1],"tags":[33,200],"class_list":["post-525","post","type-post","status-publish","format-standard","hentry","category-allgemein","tag-bilderbuch","tag-gross-und-klein"],"_links":{"self":[{"href":"https:\/\/blog.liesdoch.de\/index.php?rest_route=\/wp\/v2\/posts\/525","targetHints":{"allow":["GET"]}}],"collection":[{"href":"https:\/\/blog.liesdoch.de\/index.php?rest_route=\/wp\/v2\/posts"}],"about":[{"href":"https:\/\/blog.liesdoch.de\/index.php?rest_route=\/wp\/v2\/types\/post"}],"author":[{"embeddable":true,"href":"https:\/\/blog.liesdoch.de\/index.php?rest_route=\/wp\/v2\/users\/6"}],"replies":[{"embeddable":true,"href":"https:\/\/blog.liesdoch.de\/index.php?rest_route=%2Fwp%2Fv2%2Fcomments&post=525"}],"version-history":[{"count":1,"href":"https:\/\/blog.liesdoch.de\/index.php?rest_route=\/wp\/v2\/posts\/525\/revisions"}],"predecessor-version":[{"id":527,"href":"https:\/\/blog.liesdoch.de\/index.php?rest_route=\/wp\/v2\/posts\/525\/revisions\/527"}],"wp:attachment":[{"href":"https:\/\/blog.liesdoch.de\/index.php?rest_route=%2Fwp%2Fv2%2Fmedia&parent=525"}],"wp:term":[{"taxonomy":"category","embeddable":true,"href":"https:\/\/blog.liesdoch.de\/index.php?rest_route=%2Fwp%2Fv2%2Fcategories&post=525"},{"taxonomy":"post_tag","embeddable":true,"href":"https:\/\/blog.liesdoch.de\/index.php?rest_route=%2Fwp%2Fv2%2Ftags&post=525"}],"curies":[{"name":"wp","href":"https:\/\/api.w.org\/{rel}","templated":true}]}}