{"id":5271,"date":"2017-12-06T14:13:41","date_gmt":"2017-12-06T12:13:41","guid":{"rendered":"http:\/\/blog.liesdoch.de\/?p=5271"},"modified":"2017-12-06T14:13:41","modified_gmt":"2017-12-06T12:13:41","slug":"iceland-nature-of-the-north","status":"publish","type":"post","link":"https:\/\/blog.liesdoch.de\/?p=5271","title":{"rendered":"Iceland. Nature of the North"},"content":{"rendered":"<p>&nbsp;<\/p>\n<p>&nbsp;<\/p>\n<p>&nbsp;<\/p>\n<p><a href=\"http:\/\/blog.liesdoch.de\/wp-content\/uploads\/2017\/12\/48287879z.jpg\"><img loading=\"lazy\" decoding=\"async\" class=\"alignnone size-medium wp-image-5272\" src=\"http:\/\/blog.liesdoch.de\/wp-content\/uploads\/2017\/12\/48287879z-300x224.jpg\" alt=\"\" width=\"300\" height=\"224\" srcset=\"https:\/\/blog.liesdoch.de\/wp-content\/uploads\/2017\/12\/48287879z-300x224.jpg 300w, https:\/\/blog.liesdoch.de\/wp-content\/uploads\/2017\/12\/48287879z.jpg 475w\" sizes=\"auto, (max-width: 300px) 100vw, 300px\" \/><\/a><\/p>\n<p>&nbsp;<\/p>\n<p>J\u00fcrgen Wettke, Iceland. Nature of the North, teNeues 2017, ISBN 978-3-96171-028-<\/p>\n<p>J\u00fcrgen Wettke, 1953 geboren, fr\u00f6nt neben seiner erfolgreichen beruflichen Karriere \u2013 u. a. in f\u00fchrender Position bei einer gro\u00dfen Unternehmensberatung \u2013 einer ganz besonderen Leidenschaft: der Fotografie. In den letzten Jahren konzentrierte er sich vermehrt auf die Landschaftsfotografie. Mit seinen fesselnden Aufnahmen m\u00f6chte er ein gr\u00f6\u00dferes Bewusstsein f\u00fcr die Fragilit\u00e4t der \u00d6kosysteme unseres Planeten schaffen. B\u00fccher \u00fcber das Wattenmeer und die namibische W\u00fcste (alle bei teNeues)\u00a0 belegen das genauso eindr\u00fccklich wie das nun vorliegende neue Buch \u201eIceland. Nature oft he North\u201c.<\/p>\n<p>&nbsp;<\/p>\n<p>Der repr\u00e4sentative Bildband ist in vier Teile gegliedert: Erde und Feuer, Eis und Gletscher, Wasser und Meer, Luft und Licht. Die jeweiligen Fotografien bleiben zun\u00e4chst unkommentiert. Doch am Ende jedes Abschnitts findet man sie noch einmal in kleinem Format mit Kommentaren.<\/p>\n<p>&nbsp;<\/p>\n<p>Eine Insel voller Sch\u00f6nheit ist Island. Wettkes Fotografien haben diese Sch\u00f6nheit in ihrer eigenen, f\u00fcr manchen sicher gew\u00f6hnungsbed\u00fcrftigen Aart eingefangen und machen dem Betrachter Lust, irgendwann\u00a0 einmal diese Insel zu besuchen. Der Rezensent wird das 2019 tun und freut sich schon sehr darauf.<\/p>\n<p>&nbsp;<\/p>\n<p>&nbsp;<\/p>\n","protected":false},"excerpt":{"rendered":"<p>&nbsp; &nbsp; &nbsp; &nbsp; J\u00fcrgen Wettke, Iceland. Nature of the North, teNeues 2017, ISBN 978-3-96171-028- J\u00fcrgen Wettke, 1953 geboren, fr\u00f6nt neben seiner erfolgreichen beruflichen Karriere \u2013 u. a. in f\u00fchrender Position bei einer gro\u00dfen Unternehmensberatung \u2013 einer ganz besonderen Leidenschaft: der Fotografie. In den letzten Jahren konzentrierte er sich vermehrt auf die Landschaftsfotografie. Mit seinen &hellip; <a href=\"https:\/\/blog.liesdoch.de\/?p=5271\" class=\"more-link\"><span class=\"screen-reader-text\">Iceland. Nature of the North<\/span> weiterlesen <span class=\"meta-nav\">&rarr;<\/span><\/a><\/p>\n","protected":false},"author":6,"featured_media":0,"comment_status":"closed","ping_status":"open","sticky":false,"template":"","format":"standard","meta":{"footnotes":""},"categories":[1],"tags":[],"class_list":["post-5271","post","type-post","status-publish","format-standard","hentry","category-allgemein"],"_links":{"self":[{"href":"https:\/\/blog.liesdoch.de\/index.php?rest_route=\/wp\/v2\/posts\/5271","targetHints":{"allow":["GET"]}}],"collection":[{"href":"https:\/\/blog.liesdoch.de\/index.php?rest_route=\/wp\/v2\/posts"}],"about":[{"href":"https:\/\/blog.liesdoch.de\/index.php?rest_route=\/wp\/v2\/types\/post"}],"author":[{"embeddable":true,"href":"https:\/\/blog.liesdoch.de\/index.php?rest_route=\/wp\/v2\/users\/6"}],"replies":[{"embeddable":true,"href":"https:\/\/blog.liesdoch.de\/index.php?rest_route=%2Fwp%2Fv2%2Fcomments&post=5271"}],"version-history":[{"count":1,"href":"https:\/\/blog.liesdoch.de\/index.php?rest_route=\/wp\/v2\/posts\/5271\/revisions"}],"predecessor-version":[{"id":5273,"href":"https:\/\/blog.liesdoch.de\/index.php?rest_route=\/wp\/v2\/posts\/5271\/revisions\/5273"}],"wp:attachment":[{"href":"https:\/\/blog.liesdoch.de\/index.php?rest_route=%2Fwp%2Fv2%2Fmedia&parent=5271"}],"wp:term":[{"taxonomy":"category","embeddable":true,"href":"https:\/\/blog.liesdoch.de\/index.php?rest_route=%2Fwp%2Fv2%2Fcategories&post=5271"},{"taxonomy":"post_tag","embeddable":true,"href":"https:\/\/blog.liesdoch.de\/index.php?rest_route=%2Fwp%2Fv2%2Ftags&post=5271"}],"curies":[{"name":"wp","href":"https:\/\/api.w.org\/{rel}","templated":true}]}}