{"id":5293,"date":"2017-12-14T15:27:59","date_gmt":"2017-12-14T13:27:59","guid":{"rendered":"http:\/\/blog.liesdoch.de\/?p=5293"},"modified":"2017-12-14T15:27:59","modified_gmt":"2017-12-14T13:27:59","slug":"wir-sind-alle-nett-von-a-bis-z","status":"publish","type":"post","link":"https:\/\/blog.liesdoch.de\/?p=5293","title":{"rendered":"Wir sind alle nett von A bis Z"},"content":{"rendered":"<p>&nbsp;<\/p>\n<p>&nbsp;<\/p>\n<p><a href=\"http:\/\/blog.liesdoch.de\/wp-content\/uploads\/2017\/12\/48167594z.jpg\"><img loading=\"lazy\" decoding=\"async\" class=\"alignnone size-medium wp-image-5294\" src=\"http:\/\/blog.liesdoch.de\/wp-content\/uploads\/2017\/12\/48167594z-223x300.jpg\" alt=\"\" width=\"223\" height=\"300\" srcset=\"https:\/\/blog.liesdoch.de\/wp-content\/uploads\/2017\/12\/48167594z-223x300.jpg 223w, https:\/\/blog.liesdoch.de\/wp-content\/uploads\/2017\/12\/48167594z.jpg 353w\" sizes=\"auto, (max-width: 223px) 100vw, 223px\" \/><\/a><\/p>\n<p>&nbsp;<\/p>\n<p>Heinz Janisch, Helga Bansch, Wir sind alle nett von A bis Z, Jungbrunnen Verlag 2017, ISBN 978-3-7026-5914-1<\/p>\n<p>&nbsp;<\/p>\n<p>Auch in diesem Jahr haben der Schriftsteller Heinz Janisch und die K\u00fcnstlerin Helga Bansch ein gemeinsames Bilderbuch vorgelegt, das nicht nur den Kindern ab etwa 4 Jahren, die beginnen, das ABC f\u00fcr sich zu entdecken, sondern auch den vorlesenden Eltern gut gefallen wird.<\/p>\n<p>&nbsp;<\/p>\n<p>Mit je zwei Buchstaben, die jeweils der Anfang eines Vornamens eines Kindes sind, formuliert und reimt Heinz Janisch ganz einfache S\u00e4tze. Etwa: \u201eAnton und Bill sind heut` seltsam still\u201c\u00a0 oder \u201eEmil und Finn bemalen ein Kinn\u201c.<\/p>\n<p>&nbsp;<\/p>\n<p>Neben diesem spielerischen ABC- Kennlernangebot hat Helga Bansch in ihren typischen Stil diese S\u00e4tze illustriert und sie bringt viele ihrer aus fr\u00fcheren B\u00fcchern von ihr bekannten Kinder- und Tierfiguren farbenpr\u00e4chtig aufs Papier.<\/p>\n<p>&nbsp;<\/p>\n<p>Auf den beiden letzten Seiten sind alle auftauchenden Kinder und Buchstaben noch einmal zusammengestellt: \u201eWir sind alle nett, von A bis Z!\u201c<\/p>\n<p>&nbsp;<\/p>\n<p>&nbsp;<\/p>\n<p>&nbsp;<\/p>\n","protected":false},"excerpt":{"rendered":"<p>&nbsp; &nbsp; &nbsp; Heinz Janisch, Helga Bansch, Wir sind alle nett von A bis Z, Jungbrunnen Verlag 2017, ISBN 978-3-7026-5914-1 &nbsp; Auch in diesem Jahr haben der Schriftsteller Heinz Janisch und die K\u00fcnstlerin Helga Bansch ein gemeinsames Bilderbuch vorgelegt, das nicht nur den Kindern ab etwa 4 Jahren, die beginnen, das ABC f\u00fcr sich zu &hellip; <a href=\"https:\/\/blog.liesdoch.de\/?p=5293\" class=\"more-link\"><span class=\"screen-reader-text\">Wir sind alle nett von A bis Z<\/span> weiterlesen <span class=\"meta-nav\">&rarr;<\/span><\/a><\/p>\n","protected":false},"author":6,"featured_media":0,"comment_status":"closed","ping_status":"open","sticky":false,"template":"","format":"standard","meta":{"footnotes":""},"categories":[1],"tags":[],"class_list":["post-5293","post","type-post","status-publish","format-standard","hentry","category-allgemein"],"_links":{"self":[{"href":"https:\/\/blog.liesdoch.de\/index.php?rest_route=\/wp\/v2\/posts\/5293","targetHints":{"allow":["GET"]}}],"collection":[{"href":"https:\/\/blog.liesdoch.de\/index.php?rest_route=\/wp\/v2\/posts"}],"about":[{"href":"https:\/\/blog.liesdoch.de\/index.php?rest_route=\/wp\/v2\/types\/post"}],"author":[{"embeddable":true,"href":"https:\/\/blog.liesdoch.de\/index.php?rest_route=\/wp\/v2\/users\/6"}],"replies":[{"embeddable":true,"href":"https:\/\/blog.liesdoch.de\/index.php?rest_route=%2Fwp%2Fv2%2Fcomments&post=5293"}],"version-history":[{"count":1,"href":"https:\/\/blog.liesdoch.de\/index.php?rest_route=\/wp\/v2\/posts\/5293\/revisions"}],"predecessor-version":[{"id":5295,"href":"https:\/\/blog.liesdoch.de\/index.php?rest_route=\/wp\/v2\/posts\/5293\/revisions\/5295"}],"wp:attachment":[{"href":"https:\/\/blog.liesdoch.de\/index.php?rest_route=%2Fwp%2Fv2%2Fmedia&parent=5293"}],"wp:term":[{"taxonomy":"category","embeddable":true,"href":"https:\/\/blog.liesdoch.de\/index.php?rest_route=%2Fwp%2Fv2%2Fcategories&post=5293"},{"taxonomy":"post_tag","embeddable":true,"href":"https:\/\/blog.liesdoch.de\/index.php?rest_route=%2Fwp%2Fv2%2Ftags&post=5293"}],"curies":[{"name":"wp","href":"https:\/\/api.w.org\/{rel}","templated":true}]}}