{"id":5299,"date":"2018-01-04T16:14:47","date_gmt":"2018-01-04T14:14:47","guid":{"rendered":"http:\/\/blog.liesdoch.de\/?p=5299"},"modified":"2018-01-04T16:14:47","modified_gmt":"2018-01-04T14:14:47","slug":"kommt-das-nashorn","status":"publish","type":"post","link":"https:\/\/blog.liesdoch.de\/?p=5299","title":{"rendered":"Kommt das Nashorn"},"content":{"rendered":"<p>&nbsp;<\/p>\n<p>&nbsp;<\/p>\n<p>&nbsp;<\/p>\n<p>&nbsp;<\/p>\n<p><a href=\"http:\/\/blog.liesdoch.de\/wp-content\/uploads\/2018\/01\/40094587z.jpg\"><img loading=\"lazy\" decoding=\"async\" class=\"alignnone size-medium wp-image-5300\" src=\"http:\/\/blog.liesdoch.de\/wp-content\/uploads\/2018\/01\/40094587z-222x300.jpg\" alt=\"\" width=\"222\" height=\"300\" srcset=\"https:\/\/blog.liesdoch.de\/wp-content\/uploads\/2018\/01\/40094587z-222x300.jpg 222w, https:\/\/blog.liesdoch.de\/wp-content\/uploads\/2018\/01\/40094587z.jpg 352w\" sizes=\"auto, (max-width: 222px) 100vw, 222px\" \/><\/a><\/p>\n<p>&nbsp;<\/p>\n<p>Heinz Janisch, Helga Bansch, Kommt das Nashorn, Jungbrunnen Verlag 2016, ISBN 978-3-7026-5895-3<\/p>\n<p>&nbsp;<\/p>\n<p>In ihrem leider im Gegensatz zu ihren anderen Bilderbuchproduktionen nur wenig beachteten Buch \u201eKommt das Nashorn\u201c erz\u00e4hlt Heinz Janisch eine sch\u00f6ne Geschichte von der Sehnsucht vom Anders-Sein und Helga Bansch hat sie eindr\u00fccklich illustriert.<\/p>\n<p>&nbsp;<\/p>\n<p>Hauptperson ist ein gro\u00dfes Nashorn, ein gro\u00dfes Gebirge, das die Erde erbeben l\u00e4sst, wenn es l\u00e4uft. Dieses Nashorn hat einen gro\u00dfen Traum. Es m\u00f6chte einmal so leicht sein, wie der kleine Vogel der auf seinen R\u00fccken sitzt und ihm die ledrige Haut reinigt. Auf der anderen Seite w\u00e4re der Vogel gern einmal so schwer wie das Nashorn. Dann k\u00f6nnte ihm der Wind nichts mehr abhaben.<\/p>\n<p>&nbsp;<\/p>\n<p>So haben beide ihre Sehnsucht nach dem Anders-Sein und werden doch gebraucht so wie sie sind. Und das ist gut so.<\/p>\n<p>&nbsp;<\/p>\n<p>&nbsp;<\/p>\n","protected":false},"excerpt":{"rendered":"<p>&nbsp; &nbsp; &nbsp; &nbsp; &nbsp; Heinz Janisch, Helga Bansch, Kommt das Nashorn, Jungbrunnen Verlag 2016, ISBN 978-3-7026-5895-3 &nbsp; In ihrem leider im Gegensatz zu ihren anderen Bilderbuchproduktionen nur wenig beachteten Buch \u201eKommt das Nashorn\u201c erz\u00e4hlt Heinz Janisch eine sch\u00f6ne Geschichte von der Sehnsucht vom Anders-Sein und Helga Bansch hat sie eindr\u00fccklich illustriert. &nbsp; Hauptperson ist &hellip; <a href=\"https:\/\/blog.liesdoch.de\/?p=5299\" class=\"more-link\"><span class=\"screen-reader-text\">Kommt das Nashorn<\/span> weiterlesen <span class=\"meta-nav\">&rarr;<\/span><\/a><\/p>\n","protected":false},"author":6,"featured_media":0,"comment_status":"closed","ping_status":"open","sticky":false,"template":"","format":"standard","meta":{"footnotes":""},"categories":[1],"tags":[],"class_list":["post-5299","post","type-post","status-publish","format-standard","hentry","category-allgemein"],"_links":{"self":[{"href":"https:\/\/blog.liesdoch.de\/index.php?rest_route=\/wp\/v2\/posts\/5299","targetHints":{"allow":["GET"]}}],"collection":[{"href":"https:\/\/blog.liesdoch.de\/index.php?rest_route=\/wp\/v2\/posts"}],"about":[{"href":"https:\/\/blog.liesdoch.de\/index.php?rest_route=\/wp\/v2\/types\/post"}],"author":[{"embeddable":true,"href":"https:\/\/blog.liesdoch.de\/index.php?rest_route=\/wp\/v2\/users\/6"}],"replies":[{"embeddable":true,"href":"https:\/\/blog.liesdoch.de\/index.php?rest_route=%2Fwp%2Fv2%2Fcomments&post=5299"}],"version-history":[{"count":1,"href":"https:\/\/blog.liesdoch.de\/index.php?rest_route=\/wp\/v2\/posts\/5299\/revisions"}],"predecessor-version":[{"id":5301,"href":"https:\/\/blog.liesdoch.de\/index.php?rest_route=\/wp\/v2\/posts\/5299\/revisions\/5301"}],"wp:attachment":[{"href":"https:\/\/blog.liesdoch.de\/index.php?rest_route=%2Fwp%2Fv2%2Fmedia&parent=5299"}],"wp:term":[{"taxonomy":"category","embeddable":true,"href":"https:\/\/blog.liesdoch.de\/index.php?rest_route=%2Fwp%2Fv2%2Fcategories&post=5299"},{"taxonomy":"post_tag","embeddable":true,"href":"https:\/\/blog.liesdoch.de\/index.php?rest_route=%2Fwp%2Fv2%2Ftags&post=5299"}],"curies":[{"name":"wp","href":"https:\/\/api.w.org\/{rel}","templated":true}]}}