{"id":5307,"date":"2018-01-04T16:16:45","date_gmt":"2018-01-04T14:16:45","guid":{"rendered":"http:\/\/blog.liesdoch.de\/?p=5307"},"modified":"2018-01-04T16:16:45","modified_gmt":"2018-01-04T14:16:45","slug":"gute-nacht-kleiner-baer-machst-du-das-licht-an","status":"publish","type":"post","link":"https:\/\/blog.liesdoch.de\/?p=5307","title":{"rendered":"Gute Nacht , kleiner B\u00e4r. Machst du das Licht an?"},"content":{"rendered":"<p>&nbsp;<\/p>\n<p>&nbsp;<\/p>\n<p>&nbsp;<\/p>\n<p>&nbsp;<\/p>\n<p>&nbsp;<\/p>\n<p><a href=\"http:\/\/blog.liesdoch.de\/wp-content\/uploads\/2018\/01\/48074785z.jpg\"><img loading=\"lazy\" decoding=\"async\" class=\"alignnone size-medium wp-image-5308\" src=\"http:\/\/blog.liesdoch.de\/wp-content\/uploads\/2018\/01\/48074785z-300x300.jpg\" alt=\"\" width=\"300\" height=\"300\" srcset=\"https:\/\/blog.liesdoch.de\/wp-content\/uploads\/2018\/01\/48074785z-300x300.jpg 300w, https:\/\/blog.liesdoch.de\/wp-content\/uploads\/2018\/01\/48074785z-150x150.jpg 150w, https:\/\/blog.liesdoch.de\/wp-content\/uploads\/2018\/01\/48074785z.jpg 475w\" sizes=\"auto, (max-width: 300px) 100vw, 300px\" \/><\/a><\/p>\n<p>Heike Vogel, Lena Kleine Bornhorst, Gute Nacht , kleiner B\u00e4r. Machst du das Licht an, Oetinger 2017, ISBN 978-3-7891-0809-9<\/p>\n<p>&nbsp;<\/p>\n<p>So wie bei vielen kleinen Kindern dauert es bei dem s\u00fc\u00dfen kleinen B\u00e4ren in dem vorlegenden Bilderbuch f\u00fcr Kinder ab etwa 2 Jahren, bis er endlich soweit ist, dass in seinem Zimmer endg\u00fcltig das Licht ausgemacht werden und er zum Schaf finden kann.<\/p>\n<p>&nbsp;<\/p>\n<p>Immer noch hat er etwas vergessen. Zuerst seinen Schnuffel-Wal, dann sein Brumm-Auto und sein Schnulli. Immer wieder sind die Kinder, die dieses Buch in der Hand halten eingeladen, mit einem Druck auf eine entsprechende batteriegeladen Taste dem kleine B\u00e4r das Licht anzumachen, damit er seine vergessene Sachen\u00a0 ins Bett holen kann.<\/p>\n<p>&nbsp;<\/p>\n<p>Ein sch\u00f6nes Mitmach-Lichtbuch f\u00fcr alle Kinder, die gerne Schalter dr\u00fccken.<\/p>\n","protected":false},"excerpt":{"rendered":"<p>&nbsp; &nbsp; &nbsp; &nbsp; &nbsp; Heike Vogel, Lena Kleine Bornhorst, Gute Nacht , kleiner B\u00e4r. Machst du das Licht an, Oetinger 2017, ISBN 978-3-7891-0809-9 &nbsp; So wie bei vielen kleinen Kindern dauert es bei dem s\u00fc\u00dfen kleinen B\u00e4ren in dem vorlegenden Bilderbuch f\u00fcr Kinder ab etwa 2 Jahren, bis er endlich soweit ist, dass in &hellip; <a href=\"https:\/\/blog.liesdoch.de\/?p=5307\" class=\"more-link\"><span class=\"screen-reader-text\">Gute Nacht , kleiner B\u00e4r. Machst du das Licht an?<\/span> weiterlesen <span class=\"meta-nav\">&rarr;<\/span><\/a><\/p>\n","protected":false},"author":6,"featured_media":0,"comment_status":"closed","ping_status":"open","sticky":false,"template":"","format":"standard","meta":{"footnotes":""},"categories":[1],"tags":[],"class_list":["post-5307","post","type-post","status-publish","format-standard","hentry","category-allgemein"],"_links":{"self":[{"href":"https:\/\/blog.liesdoch.de\/index.php?rest_route=\/wp\/v2\/posts\/5307","targetHints":{"allow":["GET"]}}],"collection":[{"href":"https:\/\/blog.liesdoch.de\/index.php?rest_route=\/wp\/v2\/posts"}],"about":[{"href":"https:\/\/blog.liesdoch.de\/index.php?rest_route=\/wp\/v2\/types\/post"}],"author":[{"embeddable":true,"href":"https:\/\/blog.liesdoch.de\/index.php?rest_route=\/wp\/v2\/users\/6"}],"replies":[{"embeddable":true,"href":"https:\/\/blog.liesdoch.de\/index.php?rest_route=%2Fwp%2Fv2%2Fcomments&post=5307"}],"version-history":[{"count":1,"href":"https:\/\/blog.liesdoch.de\/index.php?rest_route=\/wp\/v2\/posts\/5307\/revisions"}],"predecessor-version":[{"id":5309,"href":"https:\/\/blog.liesdoch.de\/index.php?rest_route=\/wp\/v2\/posts\/5307\/revisions\/5309"}],"wp:attachment":[{"href":"https:\/\/blog.liesdoch.de\/index.php?rest_route=%2Fwp%2Fv2%2Fmedia&parent=5307"}],"wp:term":[{"taxonomy":"category","embeddable":true,"href":"https:\/\/blog.liesdoch.de\/index.php?rest_route=%2Fwp%2Fv2%2Fcategories&post=5307"},{"taxonomy":"post_tag","embeddable":true,"href":"https:\/\/blog.liesdoch.de\/index.php?rest_route=%2Fwp%2Fv2%2Ftags&post=5307"}],"curies":[{"name":"wp","href":"https:\/\/api.w.org\/{rel}","templated":true}]}}