{"id":5331,"date":"2018-01-12T09:38:29","date_gmt":"2018-01-12T07:38:29","guid":{"rendered":"http:\/\/blog.liesdoch.de\/?p=5331"},"modified":"2018-01-12T09:38:29","modified_gmt":"2018-01-12T07:38:29","slug":"wir-sind-gedaechtnis-wie-unsere-erinnerungen-bestimmen-wer-wir-sind","status":"publish","type":"post","link":"https:\/\/blog.liesdoch.de\/?p=5331","title":{"rendered":"Wir sind Ged\u00e4chtnis. Wie unsere Erinnerungen bestimmen, wer wir sind"},"content":{"rendered":"<p>&nbsp;<\/p>\n<p>&nbsp;<\/p>\n<p>&nbsp;<\/p>\n<p>&nbsp;<\/p>\n<p><a href=\"http:\/\/blog.liesdoch.de\/wp-content\/uploads\/2018\/01\/48069776z.jpg\"><img loading=\"lazy\" decoding=\"async\" class=\"alignnone size-medium wp-image-5332\" src=\"http:\/\/blog.liesdoch.de\/wp-content\/uploads\/2018\/01\/48069776z-188x300.jpg\" alt=\"\" width=\"188\" height=\"300\" srcset=\"https:\/\/blog.liesdoch.de\/wp-content\/uploads\/2018\/01\/48069776z-188x300.jpg 188w, https:\/\/blog.liesdoch.de\/wp-content\/uploads\/2018\/01\/48069776z.jpg 298w\" sizes=\"auto, (max-width: 188px) 100vw, 188px\" \/><\/a><\/p>\n<p>&nbsp;<\/p>\n<p>Martin Korte, Wir sind Ged\u00e4chtnis. Wie unsere Erinnerungen bestimmen, wer wir sind, DVA 2017, ISBN 978-3-421-04435-8<\/p>\n<p>&nbsp;<\/p>\n<p>&nbsp;<\/p>\n<p>Martin Korte ist Professor der Biologie an der TU Braunschweig beschreibt in dem vorliegenden Buch legt \u201eWir sind Ged\u00e4chtnis \u2013 Wie unsere Erinnerungen bestimmen, wer wir sind\u201c neueste Erkenntnisse zu den Abl\u00e4ufen und Prozessen des Denkens und Erinnerns und stellt die These auf, das es unsere Erinnerungen sind, die bestimmen, wer wir sind.<br \/>\nMartin Korte nimmt den Leser, der sich auf eine anspruchsvolle Lekt\u00fcre einstellen sollte, mit auf eine Reise durch die Welt in unserem Kopf. Sie beginnt bei unserem autobiographischen Ged\u00e4chtnis und zeigt, dass Erinnerungen bei jedem Abruf neu konstruiert werden. \u00dcber die unbewussten Seiten des Ged\u00e4chtnisses, zu denen Routinen und Intuitionen geh\u00f6ren, f\u00fchrt sie zu den Arbeitsweisen der Neuronen bis hin zu den Rollen, die der Schlaf und das Vergessen f\u00fcr unsere Ged\u00e4chtnisprozesse spielen.<\/p>\n<p>Martin Kortes These ist: Erinnerungen sind nicht nur eine Anh\u00e4ufung von Wissen und Einzelheiten unserer Autobiographie, sondern der Stoff, aus dem unsere Identit\u00e4t geschnitzt ist. Anders gesagt: Wir Menschen sind unser Ged\u00e4chtnis &#8211; und unser Ged\u00e4chtnis sind wir.<\/p>\n<p>&nbsp;<\/p>\n","protected":false},"excerpt":{"rendered":"<p>&nbsp; &nbsp; &nbsp; &nbsp; &nbsp; Martin Korte, Wir sind Ged\u00e4chtnis. Wie unsere Erinnerungen bestimmen, wer wir sind, DVA 2017, ISBN 978-3-421-04435-8 &nbsp; &nbsp; Martin Korte ist Professor der Biologie an der TU Braunschweig beschreibt in dem vorliegenden Buch legt \u201eWir sind Ged\u00e4chtnis \u2013 Wie unsere Erinnerungen bestimmen, wer wir sind\u201c neueste Erkenntnisse zu den Abl\u00e4ufen &hellip; <a href=\"https:\/\/blog.liesdoch.de\/?p=5331\" class=\"more-link\"><span class=\"screen-reader-text\">Wir sind Ged\u00e4chtnis. Wie unsere Erinnerungen bestimmen, wer wir sind<\/span> weiterlesen <span class=\"meta-nav\">&rarr;<\/span><\/a><\/p>\n","protected":false},"author":6,"featured_media":0,"comment_status":"closed","ping_status":"open","sticky":false,"template":"","format":"standard","meta":{"footnotes":""},"categories":[1],"tags":[],"class_list":["post-5331","post","type-post","status-publish","format-standard","hentry","category-allgemein"],"_links":{"self":[{"href":"https:\/\/blog.liesdoch.de\/index.php?rest_route=\/wp\/v2\/posts\/5331","targetHints":{"allow":["GET"]}}],"collection":[{"href":"https:\/\/blog.liesdoch.de\/index.php?rest_route=\/wp\/v2\/posts"}],"about":[{"href":"https:\/\/blog.liesdoch.de\/index.php?rest_route=\/wp\/v2\/types\/post"}],"author":[{"embeddable":true,"href":"https:\/\/blog.liesdoch.de\/index.php?rest_route=\/wp\/v2\/users\/6"}],"replies":[{"embeddable":true,"href":"https:\/\/blog.liesdoch.de\/index.php?rest_route=%2Fwp%2Fv2%2Fcomments&post=5331"}],"version-history":[{"count":1,"href":"https:\/\/blog.liesdoch.de\/index.php?rest_route=\/wp\/v2\/posts\/5331\/revisions"}],"predecessor-version":[{"id":5333,"href":"https:\/\/blog.liesdoch.de\/index.php?rest_route=\/wp\/v2\/posts\/5331\/revisions\/5333"}],"wp:attachment":[{"href":"https:\/\/blog.liesdoch.de\/index.php?rest_route=%2Fwp%2Fv2%2Fmedia&parent=5331"}],"wp:term":[{"taxonomy":"category","embeddable":true,"href":"https:\/\/blog.liesdoch.de\/index.php?rest_route=%2Fwp%2Fv2%2Fcategories&post=5331"},{"taxonomy":"post_tag","embeddable":true,"href":"https:\/\/blog.liesdoch.de\/index.php?rest_route=%2Fwp%2Fv2%2Ftags&post=5331"}],"curies":[{"name":"wp","href":"https:\/\/api.w.org\/{rel}","templated":true}]}}