{"id":5334,"date":"2018-01-12T09:39:07","date_gmt":"2018-01-12T07:39:07","guid":{"rendered":"http:\/\/blog.liesdoch.de\/?p=5334"},"modified":"2018-01-12T09:39:07","modified_gmt":"2018-01-12T07:39:07","slug":"mein-erstes-wimmelbuch-jahreszeiten","status":"publish","type":"post","link":"https:\/\/blog.liesdoch.de\/?p=5334","title":{"rendered":"Mein erstes Wimmelbuch. Jahreszeiten"},"content":{"rendered":"<p>&nbsp;<\/p>\n<p>&nbsp;<\/p>\n<p>&nbsp;<\/p>\n<p><a href=\"http:\/\/blog.liesdoch.de\/wp-content\/uploads\/2018\/01\/46428985z.jpg\"><img loading=\"lazy\" decoding=\"async\" class=\"alignnone size-medium wp-image-5335\" src=\"http:\/\/blog.liesdoch.de\/wp-content\/uploads\/2018\/01\/46428985z-229x300.jpg\" alt=\"\" width=\"229\" height=\"300\" srcset=\"https:\/\/blog.liesdoch.de\/wp-content\/uploads\/2018\/01\/46428985z-229x300.jpg 229w, https:\/\/blog.liesdoch.de\/wp-content\/uploads\/2018\/01\/46428985z.jpg 321w\" sizes=\"auto, (max-width: 229px) 100vw, 229px\" \/><\/a><\/p>\n<p>&nbsp;<\/p>\n<p>Christine Henkel, Mein erstes Wimmelbuch. Jahreszeiten, Esslinger 32017, ISBN 978-3-48-23301-4<\/p>\n<p>&nbsp;<\/p>\n<p>In ihrer Reihe \u201eMein erstes Wimmelbuch\u201c hat die Autorin und Illustratorin Christine Henkel in den vergangenen Jahren schon etliche wunderbare Exemplare vorgelegt. Nun hat sie eine Ausgabe ver\u00f6ffentlicht bei Esslinger in Stuttgart, in der sie sich mit den Jahreszeiten besch\u00e4ftigt.<\/p>\n<p>Dabei geht sie nicht in dem gewohnten Viererschritt Fr\u00fchling, Sommer, Herbst und Winter vor, sondern sie beginnt im Januar und zeigt dann jeweils zwei Monate zusammen auf einer Doppelseite. Auf dem rechten Viertel der rechten Doppelseite hat sie noch einmal die Tiere und Pflanzen aufgelistet und mit ihren Namen genannt, die in den beiden entsprechenden Monaten auf den Wimmelbildern vorkommen.<\/p>\n<p>&nbsp;<\/p>\n<p>Auf der letzten Doppelseite hat sie in einem sch\u00f6nen Jahreskreis noch einmal die Tier- und Pflanzenwelt von Januar bis Dezember kurz zusammengefasst.<\/p>\n<p>&nbsp;<\/p>\n<p>Mit diesem Buch k\u00f6nnen kleine Kinder die Jahreszeiten entdecken, richtig wimmeln\u00a0 und dabei eine Menge W\u00f6rter lernen. F\u00fcr Kindergarten und zu Hause gleicherma\u00dfen geeignet.<\/p>\n","protected":false},"excerpt":{"rendered":"<p>&nbsp; &nbsp; &nbsp; &nbsp; Christine Henkel, Mein erstes Wimmelbuch. Jahreszeiten, Esslinger 32017, ISBN 978-3-48-23301-4 &nbsp; In ihrer Reihe \u201eMein erstes Wimmelbuch\u201c hat die Autorin und Illustratorin Christine Henkel in den vergangenen Jahren schon etliche wunderbare Exemplare vorgelegt. Nun hat sie eine Ausgabe ver\u00f6ffentlicht bei Esslinger in Stuttgart, in der sie sich mit den Jahreszeiten besch\u00e4ftigt. &hellip; <a href=\"https:\/\/blog.liesdoch.de\/?p=5334\" class=\"more-link\"><span class=\"screen-reader-text\">Mein erstes Wimmelbuch. Jahreszeiten<\/span> weiterlesen <span class=\"meta-nav\">&rarr;<\/span><\/a><\/p>\n","protected":false},"author":6,"featured_media":0,"comment_status":"closed","ping_status":"open","sticky":false,"template":"","format":"standard","meta":{"footnotes":""},"categories":[1],"tags":[],"class_list":["post-5334","post","type-post","status-publish","format-standard","hentry","category-allgemein"],"_links":{"self":[{"href":"https:\/\/blog.liesdoch.de\/index.php?rest_route=\/wp\/v2\/posts\/5334","targetHints":{"allow":["GET"]}}],"collection":[{"href":"https:\/\/blog.liesdoch.de\/index.php?rest_route=\/wp\/v2\/posts"}],"about":[{"href":"https:\/\/blog.liesdoch.de\/index.php?rest_route=\/wp\/v2\/types\/post"}],"author":[{"embeddable":true,"href":"https:\/\/blog.liesdoch.de\/index.php?rest_route=\/wp\/v2\/users\/6"}],"replies":[{"embeddable":true,"href":"https:\/\/blog.liesdoch.de\/index.php?rest_route=%2Fwp%2Fv2%2Fcomments&post=5334"}],"version-history":[{"count":1,"href":"https:\/\/blog.liesdoch.de\/index.php?rest_route=\/wp\/v2\/posts\/5334\/revisions"}],"predecessor-version":[{"id":5336,"href":"https:\/\/blog.liesdoch.de\/index.php?rest_route=\/wp\/v2\/posts\/5334\/revisions\/5336"}],"wp:attachment":[{"href":"https:\/\/blog.liesdoch.de\/index.php?rest_route=%2Fwp%2Fv2%2Fmedia&parent=5334"}],"wp:term":[{"taxonomy":"category","embeddable":true,"href":"https:\/\/blog.liesdoch.de\/index.php?rest_route=%2Fwp%2Fv2%2Fcategories&post=5334"},{"taxonomy":"post_tag","embeddable":true,"href":"https:\/\/blog.liesdoch.de\/index.php?rest_route=%2Fwp%2Fv2%2Ftags&post=5334"}],"curies":[{"name":"wp","href":"https:\/\/api.w.org\/{rel}","templated":true}]}}