{"id":5398,"date":"2018-01-23T11:12:46","date_gmt":"2018-01-23T09:12:46","guid":{"rendered":"http:\/\/blog.liesdoch.de\/?p=5398"},"modified":"2018-01-23T11:12:46","modified_gmt":"2018-01-23T09:12:46","slug":"im-anfang-war-das-gefuehl","status":"publish","type":"post","link":"https:\/\/blog.liesdoch.de\/?p=5398","title":{"rendered":"Im Anfang war das Gef\u00fchl"},"content":{"rendered":"<p>&nbsp;<\/p>\n<p>&nbsp;<\/p>\n<p>&nbsp;<\/p>\n<p>&nbsp;<\/p>\n<p><a href=\"http:\/\/blog.liesdoch.de\/wp-content\/uploads\/2018\/01\/48069459z.jpg\"><img loading=\"lazy\" decoding=\"async\" class=\"alignnone size-medium wp-image-5399\" src=\"http:\/\/blog.liesdoch.de\/wp-content\/uploads\/2018\/01\/48069459z-188x300.jpg\" alt=\"\" width=\"188\" height=\"300\" srcset=\"https:\/\/blog.liesdoch.de\/wp-content\/uploads\/2018\/01\/48069459z-188x300.jpg 188w, https:\/\/blog.liesdoch.de\/wp-content\/uploads\/2018\/01\/48069459z.jpg 297w\" sizes=\"auto, (max-width: 188px) 100vw, 188px\" \/><\/a><\/p>\n<p>&nbsp;<\/p>\n<p>Antonio Damasio, Im Anfang war das Gef\u00fchl, Siedler 2017, ISBN 978-3-8275-0045-8<\/p>\n<p>In seinem neuen Buch \u201eIm Anfang war das Gef\u00fchl\u201c schildert der portugiesische Neurowissenschaftler Antonio Damasio den evolution\u00e4ren Weg des Lebens vom Einzeller zu Wesen mit Gef\u00fchl und Bewusstsein bei Menschen und Tieren.<\/p>\n<p>&nbsp;<\/p>\n<p>Immer wieder geht es um den Begriff der \u201eHom\u00f6ostase\u201c. Damasio zeigt mit kraftvoller und \u00fcberzeugender Sprache, wie seit dem Beginn\u00a0 der Evolution Lebewesen seit den ersten Einzellern mit einem biologischen Reaktionsverm\u00f6gen ausgestattet wurden, das ihnen jeweils erlaubte, auf Umweltver\u00e4nderungen sensibel zu reagieren und sich selbst immer wieder in jene gesunde Balance zu bringen, die Hom\u00f6ostase. Dies geschah durch Flucht, Fressen, Ausweichen, Abwehren und vieles andere Reaktionen mehr.<\/p>\n<p>&nbsp;<\/p>\n<p>Auf diese Weise, so Damasio, entstanden im Laufe der Evolution die Gef\u00fchle, indem sich aus den ersten sensiblen Zellen ganze Nervensysteme entwickelten, die sp\u00e4ter zu Emotionen und schlie\u00dflich zum Bewusstsein wurden, wie wir es kennen, das Wissen um die eigene Existenz.<\/p>\n<p>&nbsp;<\/p>\n<p>All dies dient nur einem Zweck: wir reagieren, indem wir die \u00e4u\u00dfere Welt wahrnehmen, mit einer Ver\u00e4nderung unseres Innenlebens. Das erleben wir als Gef\u00fchl und reagieren dann durch bewusstes Gegensteuern. Dazu ist n\u00f6tig, dass Nervensystem und Gehirn mit k\u00f6rperlichen Vorg\u00e4ngen gekoppelt ist.<\/p>\n<p>&nbsp;<\/p>\n<p>Damasio weitet seine Theorie auch aus auf die Entstehung\u00a0 jeglicher kultureller Ph\u00e4nomene. Religion, Tanz, Bildende Kunst, Musik, Wissenschaft oder Medizin &#8211; f\u00fcr Antonio Damasio sind das Emanationen \u00a0der Sehnsucht nach Hom\u00f6ostase in Form von Orientierung, Trost, Heilung oder einem gemeinsamen sozialen Rhythmus.<\/p>\n<p>&nbsp;<\/p>\n<p><strong>\u00a0<\/strong><\/p>\n<p><strong>\u00a0<\/strong><\/p>\n<p><strong>\u00a0<\/strong><\/p>\n<p><strong>\u00a0<\/strong><\/p>\n<p>&nbsp;<\/p>\n","protected":false},"excerpt":{"rendered":"<p>&nbsp; &nbsp; &nbsp; &nbsp; &nbsp; Antonio Damasio, Im Anfang war das Gef\u00fchl, Siedler 2017, ISBN 978-3-8275-0045-8 In seinem neuen Buch \u201eIm Anfang war das Gef\u00fchl\u201c schildert der portugiesische Neurowissenschaftler Antonio Damasio den evolution\u00e4ren Weg des Lebens vom Einzeller zu Wesen mit Gef\u00fchl und Bewusstsein bei Menschen und Tieren. &nbsp; Immer wieder geht es um den &hellip; <a href=\"https:\/\/blog.liesdoch.de\/?p=5398\" class=\"more-link\"><span class=\"screen-reader-text\">Im Anfang war das Gef\u00fchl<\/span> weiterlesen <span class=\"meta-nav\">&rarr;<\/span><\/a><\/p>\n","protected":false},"author":6,"featured_media":0,"comment_status":"closed","ping_status":"open","sticky":false,"template":"","format":"standard","meta":{"footnotes":""},"categories":[1],"tags":[],"class_list":["post-5398","post","type-post","status-publish","format-standard","hentry","category-allgemein"],"_links":{"self":[{"href":"https:\/\/blog.liesdoch.de\/index.php?rest_route=\/wp\/v2\/posts\/5398","targetHints":{"allow":["GET"]}}],"collection":[{"href":"https:\/\/blog.liesdoch.de\/index.php?rest_route=\/wp\/v2\/posts"}],"about":[{"href":"https:\/\/blog.liesdoch.de\/index.php?rest_route=\/wp\/v2\/types\/post"}],"author":[{"embeddable":true,"href":"https:\/\/blog.liesdoch.de\/index.php?rest_route=\/wp\/v2\/users\/6"}],"replies":[{"embeddable":true,"href":"https:\/\/blog.liesdoch.de\/index.php?rest_route=%2Fwp%2Fv2%2Fcomments&post=5398"}],"version-history":[{"count":1,"href":"https:\/\/blog.liesdoch.de\/index.php?rest_route=\/wp\/v2\/posts\/5398\/revisions"}],"predecessor-version":[{"id":5400,"href":"https:\/\/blog.liesdoch.de\/index.php?rest_route=\/wp\/v2\/posts\/5398\/revisions\/5400"}],"wp:attachment":[{"href":"https:\/\/blog.liesdoch.de\/index.php?rest_route=%2Fwp%2Fv2%2Fmedia&parent=5398"}],"wp:term":[{"taxonomy":"category","embeddable":true,"href":"https:\/\/blog.liesdoch.de\/index.php?rest_route=%2Fwp%2Fv2%2Fcategories&post=5398"},{"taxonomy":"post_tag","embeddable":true,"href":"https:\/\/blog.liesdoch.de\/index.php?rest_route=%2Fwp%2Fv2%2Ftags&post=5398"}],"curies":[{"name":"wp","href":"https:\/\/api.w.org\/{rel}","templated":true}]}}