{"id":5401,"date":"2018-01-23T11:13:20","date_gmt":"2018-01-23T09:13:20","guid":{"rendered":"http:\/\/blog.liesdoch.de\/?p=5401"},"modified":"2018-01-23T11:13:20","modified_gmt":"2018-01-23T09:13:20","slug":"illustrierte-geschichte-des-islam","status":"publish","type":"post","link":"https:\/\/blog.liesdoch.de\/?p=5401","title":{"rendered":"Illustrierte Geschichte des Islam"},"content":{"rendered":"<p>&nbsp;<\/p>\n<p>&nbsp;<\/p>\n<p>&nbsp;<\/p>\n<p><a href=\"http:\/\/blog.liesdoch.de\/wp-content\/uploads\/2018\/01\/47404850z.jpg\"><img loading=\"lazy\" decoding=\"async\" class=\"alignnone size-medium wp-image-5402\" src=\"http:\/\/blog.liesdoch.de\/wp-content\/uploads\/2018\/01\/47404850z-260x300.jpg\" alt=\"\" width=\"260\" height=\"300\" srcset=\"https:\/\/blog.liesdoch.de\/wp-content\/uploads\/2018\/01\/47404850z-260x300.jpg 260w, https:\/\/blog.liesdoch.de\/wp-content\/uploads\/2018\/01\/47404850z.jpg 412w\" sizes=\"auto, (max-width: 260px) 100vw, 260px\" \/><\/a><\/p>\n<p>Monika Tworuschka, Udo Tworuschka, Illustrierte Geschichte des Islam, J.B. Metzler Verlag 2017, ISBN 978-3-476-04348-1<\/p>\n<p>&nbsp;<\/p>\n<p>&nbsp;<\/p>\n<p><strong>Der J.B. Metzler Verlag m\u00f6chte mit seiner neuen Buchreihe \u201eIllustrierte Geschichte\u201c einen kompakten, verst\u00e4ndlichen, aber doch inhaltlich mit hohen Anspr\u00fcchen verbundenen \u00dcberblick \u00fcber die einzelnen Themengebiete geben. Besonders die Werke zur Antike und zum Islam sind \u00a0sehr zu empfehlen.<\/strong><\/p>\n<p><strong>\u00a0<\/strong><\/p>\n<p><strong>Das durch viele Publikationen und Monographien als Kenner des Islam ausgewiesene Ehepaar Monika und Udo Tworuschka erf\u00fcllt mit dem vorliegenden Band \u00fcber den Islam diesen Anspruch auf das Beste<\/strong><\/p>\n<p><strong>\u00a0<\/strong><\/p>\n<p>Von der Entstehung des Islam bis hin zu den aktuellen Entwicklungen im 20. und 21. Jahrhundert erl\u00e4utern die beiden Autoren mit vielen Bildern illustriert und zahlreichen Infobl\u00f6cken die Geschichte und Bedeutung einer Religion, von der wir immer noch zu wenig wissen, die aber unsere Gesellschaft auch in der Zukunft mehr pr\u00e4gen wird, als wir uns das im Augenblick eingestehen. Selbst wenn der islamistische Terror vielleicht irgendwann sich \u00fcberholt: Gl\u00e4ubige Muslime mit ihrer besonderer Kultur werden in den n\u00e4chsten Jahrzehnten einen immer gr\u00f6\u00dferen Teil der Bev\u00f6lkerung unseres Landes ausmachen, selbst wenn keine zus\u00e4tzlichen Fl\u00fcchtlinge kommen.<\/p>\n<p>&nbsp;<\/p>\n<p>Zu verstehen, aus welchen Wurzeln diese Menschen leben und handeln, dazu kann das vorliegenden Buch helfen.<\/p>\n<p>&nbsp;<\/p>\n<p>Ein besonderer Akzent liegt auf prominenten, gestaltenden Pers\u00f6nlichkeiten und auf wichtigen, auch f\u00fcr die weitere Geschichte relevanten Ph\u00e4nomenen und Institutionen. Neben den informativen Daten und Fakten der Ereignisgeschichte werden auch die kulturellen und sozialen Hintergr\u00fcnde und Zusammenh\u00e4nge verdeutlicht.<\/p>\n<p>&nbsp;<\/p>\n","protected":false},"excerpt":{"rendered":"<p>&nbsp; &nbsp; &nbsp; Monika Tworuschka, Udo Tworuschka, Illustrierte Geschichte des Islam, J.B. Metzler Verlag 2017, ISBN 978-3-476-04348-1 &nbsp; &nbsp; Der J.B. Metzler Verlag m\u00f6chte mit seiner neuen Buchreihe \u201eIllustrierte Geschichte\u201c einen kompakten, verst\u00e4ndlichen, aber doch inhaltlich mit hohen Anspr\u00fcchen verbundenen \u00dcberblick \u00fcber die einzelnen Themengebiete geben. Besonders die Werke zur Antike und zum Islam sind &hellip; <a href=\"https:\/\/blog.liesdoch.de\/?p=5401\" class=\"more-link\"><span class=\"screen-reader-text\">Illustrierte Geschichte des Islam<\/span> weiterlesen <span class=\"meta-nav\">&rarr;<\/span><\/a><\/p>\n","protected":false},"author":6,"featured_media":0,"comment_status":"closed","ping_status":"open","sticky":false,"template":"","format":"standard","meta":{"footnotes":""},"categories":[1],"tags":[],"class_list":["post-5401","post","type-post","status-publish","format-standard","hentry","category-allgemein"],"_links":{"self":[{"href":"https:\/\/blog.liesdoch.de\/index.php?rest_route=\/wp\/v2\/posts\/5401","targetHints":{"allow":["GET"]}}],"collection":[{"href":"https:\/\/blog.liesdoch.de\/index.php?rest_route=\/wp\/v2\/posts"}],"about":[{"href":"https:\/\/blog.liesdoch.de\/index.php?rest_route=\/wp\/v2\/types\/post"}],"author":[{"embeddable":true,"href":"https:\/\/blog.liesdoch.de\/index.php?rest_route=\/wp\/v2\/users\/6"}],"replies":[{"embeddable":true,"href":"https:\/\/blog.liesdoch.de\/index.php?rest_route=%2Fwp%2Fv2%2Fcomments&post=5401"}],"version-history":[{"count":1,"href":"https:\/\/blog.liesdoch.de\/index.php?rest_route=\/wp\/v2\/posts\/5401\/revisions"}],"predecessor-version":[{"id":5403,"href":"https:\/\/blog.liesdoch.de\/index.php?rest_route=\/wp\/v2\/posts\/5401\/revisions\/5403"}],"wp:attachment":[{"href":"https:\/\/blog.liesdoch.de\/index.php?rest_route=%2Fwp%2Fv2%2Fmedia&parent=5401"}],"wp:term":[{"taxonomy":"category","embeddable":true,"href":"https:\/\/blog.liesdoch.de\/index.php?rest_route=%2Fwp%2Fv2%2Fcategories&post=5401"},{"taxonomy":"post_tag","embeddable":true,"href":"https:\/\/blog.liesdoch.de\/index.php?rest_route=%2Fwp%2Fv2%2Ftags&post=5401"}],"curies":[{"name":"wp","href":"https:\/\/api.w.org\/{rel}","templated":true}]}}