{"id":5411,"date":"2018-01-24T09:39:40","date_gmt":"2018-01-24T07:39:40","guid":{"rendered":"http:\/\/blog.liesdoch.de\/?p=5411"},"modified":"2018-01-24T09:39:40","modified_gmt":"2018-01-24T07:39:40","slug":"auf-das-leben-witz-und-weisheit-eines-oberrabbiners","status":"publish","type":"post","link":"https:\/\/blog.liesdoch.de\/?p=5411","title":{"rendered":"Auf das Leben! Witz und Weisheit eines Oberrabbiners"},"content":{"rendered":"<p>&nbsp;<\/p>\n<p>&nbsp;<\/p>\n<p><a href=\"http:\/\/blog.liesdoch.de\/wp-content\/uploads\/2018\/01\/48060410z.jpg\"><img loading=\"lazy\" decoding=\"async\" class=\"alignnone size-medium wp-image-5412\" src=\"http:\/\/blog.liesdoch.de\/wp-content\/uploads\/2018\/01\/48060410z-195x300.jpg\" alt=\"\" width=\"195\" height=\"300\" srcset=\"https:\/\/blog.liesdoch.de\/wp-content\/uploads\/2018\/01\/48060410z-195x300.jpg 195w, https:\/\/blog.liesdoch.de\/wp-content\/uploads\/2018\/01\/48060410z.jpg 309w\" sizes=\"auto, (max-width: 195px) 100vw, 195px\" \/><\/a><\/p>\n<p>&nbsp;<\/p>\n<p>&nbsp;<\/p>\n<p>Paul Chaim Eisenberg, Auf das Leben! Witz und Weisheit eines Oberrabbiners, Brandst\u00e4tter 2017, ISBN 978-3-7106-0162-0<\/p>\n<p>&nbsp;<\/p>\n<p>Paul Chaim Eisenberg war von 1983 bis 2016\u00a0 Oberrabbiner der Israelitischen Kultusgemeinde in Wien. Als gerade einmal 33 &#8211; j\u00e4hriger Rabbiner trat er nach T\u00e4tigkeiten und Ausbildungen in Jerusalem die Nachfolge seines Vaters an und ging im vergangenen Jahr in den Ruhestand. Vor \u00fcber zehn Jahren schon hatte er in seinem Buch \u00a0\u201eErlebnisse eines Rabbiners. Geschichte und Geschichten\u201c von seiner Arbeit erz\u00e4hlt und dabei ein Erlebnis geschildert, das mit all die Jahre in eindr\u00fccklicher Erinnerung geblieben ist und das sich seitdem auf schreckliche Weise immer wiederholt.<\/p>\n<p>1996 diskutiert er mit einem Moslem und einem katholischen Theologen \u00fcber das Thema \u201eAbrahams Erben. Absoluter Wahrheitsanspruch versus interreligi\u00f6sem Dialog \u2013 die drei monotheistischen Religionen im Gespr\u00e4ch\u201c. Als er in den Saal kommt, denkt er, die an Kleidung und Kopfbedeckung erkennbaren moslemischen Fundamentalisten w\u00fcrden vielleicht ihm gegen\u00fcber aggressiv werden. Aber sie \u201eunterbrachen h\u00e4ufig nicht mich, sondern den moslemischen Sprecher, der die gem\u00e4\u00dfigte Linie des Islam vertreten hat. Sie unterbrachen ihn besonders dann, wenn er Stellen aus dem Koran zitierte, die liberal klangen. Bei dieser Gelegenheit zitierten sie aggressivere, gegen Nichtmoslems eher unfreundliche Koranstellen. Ich habe daraus den Schluss gezogen, dass die gem\u00e4\u00dfigten Vertreter verschiedener Religionen einander manchmal besser verstehen als Menschen gleicher Religion, wenn es sich einerseits um gem\u00e4\u00dfigte und andererseits um fundamentalistische Vertreter dieses Glaubens handelt.<\/p>\n<p>Man k\u00f6nnte noch sch\u00e4rfer formulieren: Die gem\u00e4\u00dfigten Vertreter sind sich darin einig, dass sie an einem Tisch sitzen k\u00f6nnten. Die extremen Kr\u00e4fte sind sich einig darin, dass die anderen zu bek\u00e4mpfen seien.\u201c<\/p>\n<p>&nbsp;<\/p>\n<p>Dass dabei f\u00fcr Eisenberg auch immer schon Witz, Selbstironie und Gelassenheit dazu geh\u00f6ren, zeigt er in dem nun bei Brandst\u00e4tter erschienenen Buch \u201eAuf das Leben!\u201c, in dem er nicht nur von seinen reichen Lebenserfahrungen und vielen Begegnungen mit Menschen auch anderer Religionen erz\u00e4hlt, sondern viele j\u00fcdische Weisheiten diskutiert, die er mit ragen des Lebens und der Lgik des Talmud zusammenbringt.<\/p>\n<p>&nbsp;<\/p>\n<p>Das Buch ist ein sehr pers\u00f6nlich gehaltenes, vom starken Glauben an das Kommen des Messias gepr\u00e4gtes Zeugnis, das gleichzeitig ein humorvoller Kompass f\u00fcr viele Fragen des Alltags darstellt &#8211; auch f\u00fcr Nichtjuden.<\/p>\n<p>&nbsp;<\/p>\n<p>&nbsp;<\/p>\n","protected":false},"excerpt":{"rendered":"<p>&nbsp; &nbsp; &nbsp; &nbsp; Paul Chaim Eisenberg, Auf das Leben! Witz und Weisheit eines Oberrabbiners, Brandst\u00e4tter 2017, ISBN 978-3-7106-0162-0 &nbsp; Paul Chaim Eisenberg war von 1983 bis 2016\u00a0 Oberrabbiner der Israelitischen Kultusgemeinde in Wien. Als gerade einmal 33 &#8211; j\u00e4hriger Rabbiner trat er nach T\u00e4tigkeiten und Ausbildungen in Jerusalem die Nachfolge seines Vaters an und &hellip; <a href=\"https:\/\/blog.liesdoch.de\/?p=5411\" class=\"more-link\"><span class=\"screen-reader-text\">Auf das Leben! Witz und Weisheit eines Oberrabbiners<\/span> weiterlesen <span class=\"meta-nav\">&rarr;<\/span><\/a><\/p>\n","protected":false},"author":6,"featured_media":0,"comment_status":"closed","ping_status":"open","sticky":false,"template":"","format":"standard","meta":{"footnotes":""},"categories":[1],"tags":[],"class_list":["post-5411","post","type-post","status-publish","format-standard","hentry","category-allgemein"],"_links":{"self":[{"href":"https:\/\/blog.liesdoch.de\/index.php?rest_route=\/wp\/v2\/posts\/5411","targetHints":{"allow":["GET"]}}],"collection":[{"href":"https:\/\/blog.liesdoch.de\/index.php?rest_route=\/wp\/v2\/posts"}],"about":[{"href":"https:\/\/blog.liesdoch.de\/index.php?rest_route=\/wp\/v2\/types\/post"}],"author":[{"embeddable":true,"href":"https:\/\/blog.liesdoch.de\/index.php?rest_route=\/wp\/v2\/users\/6"}],"replies":[{"embeddable":true,"href":"https:\/\/blog.liesdoch.de\/index.php?rest_route=%2Fwp%2Fv2%2Fcomments&post=5411"}],"version-history":[{"count":1,"href":"https:\/\/blog.liesdoch.de\/index.php?rest_route=\/wp\/v2\/posts\/5411\/revisions"}],"predecessor-version":[{"id":5413,"href":"https:\/\/blog.liesdoch.de\/index.php?rest_route=\/wp\/v2\/posts\/5411\/revisions\/5413"}],"wp:attachment":[{"href":"https:\/\/blog.liesdoch.de\/index.php?rest_route=%2Fwp%2Fv2%2Fmedia&parent=5411"}],"wp:term":[{"taxonomy":"category","embeddable":true,"href":"https:\/\/blog.liesdoch.de\/index.php?rest_route=%2Fwp%2Fv2%2Fcategories&post=5411"},{"taxonomy":"post_tag","embeddable":true,"href":"https:\/\/blog.liesdoch.de\/index.php?rest_route=%2Fwp%2Fv2%2Ftags&post=5411"}],"curies":[{"name":"wp","href":"https:\/\/api.w.org\/{rel}","templated":true}]}}