{"id":5434,"date":"2018-01-29T11:38:26","date_gmt":"2018-01-29T09:38:26","guid":{"rendered":"http:\/\/blog.liesdoch.de\/?p=5434"},"modified":"2018-01-29T11:38:26","modified_gmt":"2018-01-29T09:38:26","slug":"graustufen-leben-in-der-ddr-in-fotografien-und-texten","status":"publish","type":"post","link":"https:\/\/blog.liesdoch.de\/?p=5434","title":{"rendered":"Graustufen. Leben in der DDR in Fotografien und Texten"},"content":{"rendered":"<p>&nbsp;<\/p>\n<p>&nbsp;<\/p>\n<p>&nbsp;<\/p>\n<p>&nbsp;<\/p>\n<p>&nbsp;<\/p>\n<p><a href=\"http:\/\/blog.liesdoch.de\/wp-content\/uploads\/2018\/01\/48104659z.jpg\"><img loading=\"lazy\" decoding=\"async\" class=\"alignnone size-medium wp-image-5435\" src=\"http:\/\/blog.liesdoch.de\/wp-content\/uploads\/2018\/01\/48104659z-272x300.jpg\" alt=\"\" width=\"272\" height=\"300\" srcset=\"https:\/\/blog.liesdoch.de\/wp-content\/uploads\/2018\/01\/48104659z-272x300.jpg 272w, https:\/\/blog.liesdoch.de\/wp-content\/uploads\/2018\/01\/48104659z.jpg 430w\" sizes=\"auto, (max-width: 272px) 100vw, 272px\" \/><\/a><\/p>\n<p>J\u00fcrgen Hohmuth, Graustufen. Leben in der DDR in Fotografien und Texten, ISBN 978-386228-168-8<\/p>\n<p>&nbsp;<\/p>\n<p>Sein Selbstverst\u00e4ndnis ist das eines \u201efotografischen Stadtethnologen\u201c.\u00a0 Dieses Buch hat Fotografien aus den achtziger Jahren \u00fcber das Leben in der DDR festgehalten, einer Zeit also, in der das baldige Ende oft schon sp\u00fcrbar war und sich in vielf\u00e4ltigen auch kulturellen und alltagsspezifischen Ver\u00e4nderungen und neuen Lebensformen zeigte.<\/p>\n<p>&nbsp;<\/p>\n<p>Jeder der auf den linken Buchseiten abgebildeten schwarz-wei\u00df Fotografien ist ein literarischer Text von bekannten Autoren wie Marion Brasch, Christoph Dieckmann, Flake oder Ingo Schulze, aber vielen bisher unbekannten Autoren gegen\u00fcbergestellt. Bild und erz\u00e4hlte Geschichte korrespondieren jeweils miteinander. Oft ist dieser Dialog geradezu perfekt gelungen.<\/p>\n<p>&nbsp;<\/p>\n<p>Ein k\u00fcnstlerisch und kulturgeschichtlich sehr aussagekr\u00e4ftiges Buch.<\/p>\n","protected":false},"excerpt":{"rendered":"<p>&nbsp; &nbsp; &nbsp; &nbsp; &nbsp; J\u00fcrgen Hohmuth, Graustufen. Leben in der DDR in Fotografien und Texten, ISBN 978-386228-168-8 &nbsp; Sein Selbstverst\u00e4ndnis ist das eines \u201efotografischen Stadtethnologen\u201c.\u00a0 Dieses Buch hat Fotografien aus den achtziger Jahren \u00fcber das Leben in der DDR festgehalten, einer Zeit also, in der das baldige Ende oft schon sp\u00fcrbar war und sich &hellip; <a href=\"https:\/\/blog.liesdoch.de\/?p=5434\" class=\"more-link\"><span class=\"screen-reader-text\">Graustufen. Leben in der DDR in Fotografien und Texten<\/span> weiterlesen <span class=\"meta-nav\">&rarr;<\/span><\/a><\/p>\n","protected":false},"author":6,"featured_media":0,"comment_status":"closed","ping_status":"open","sticky":false,"template":"","format":"standard","meta":{"footnotes":""},"categories":[1],"tags":[],"class_list":["post-5434","post","type-post","status-publish","format-standard","hentry","category-allgemein"],"_links":{"self":[{"href":"https:\/\/blog.liesdoch.de\/index.php?rest_route=\/wp\/v2\/posts\/5434","targetHints":{"allow":["GET"]}}],"collection":[{"href":"https:\/\/blog.liesdoch.de\/index.php?rest_route=\/wp\/v2\/posts"}],"about":[{"href":"https:\/\/blog.liesdoch.de\/index.php?rest_route=\/wp\/v2\/types\/post"}],"author":[{"embeddable":true,"href":"https:\/\/blog.liesdoch.de\/index.php?rest_route=\/wp\/v2\/users\/6"}],"replies":[{"embeddable":true,"href":"https:\/\/blog.liesdoch.de\/index.php?rest_route=%2Fwp%2Fv2%2Fcomments&post=5434"}],"version-history":[{"count":1,"href":"https:\/\/blog.liesdoch.de\/index.php?rest_route=\/wp\/v2\/posts\/5434\/revisions"}],"predecessor-version":[{"id":5436,"href":"https:\/\/blog.liesdoch.de\/index.php?rest_route=\/wp\/v2\/posts\/5434\/revisions\/5436"}],"wp:attachment":[{"href":"https:\/\/blog.liesdoch.de\/index.php?rest_route=%2Fwp%2Fv2%2Fmedia&parent=5434"}],"wp:term":[{"taxonomy":"category","embeddable":true,"href":"https:\/\/blog.liesdoch.de\/index.php?rest_route=%2Fwp%2Fv2%2Fcategories&post=5434"},{"taxonomy":"post_tag","embeddable":true,"href":"https:\/\/blog.liesdoch.de\/index.php?rest_route=%2Fwp%2Fv2%2Ftags&post=5434"}],"curies":[{"name":"wp","href":"https:\/\/api.w.org\/{rel}","templated":true}]}}