{"id":5437,"date":"2018-01-29T11:38:59","date_gmt":"2018-01-29T09:38:59","guid":{"rendered":"http:\/\/blog.liesdoch.de\/?p=5437"},"modified":"2018-01-29T11:38:59","modified_gmt":"2018-01-29T09:38:59","slug":"wer-wagt-beginnt-die-politik-und-ich","status":"publish","type":"post","link":"https:\/\/blog.liesdoch.de\/?p=5437","title":{"rendered":"Wer wagt, beginnt. Die Politik und ich"},"content":{"rendered":"<p>&nbsp;<\/p>\n<p>&nbsp;<\/p>\n<p><a href=\"http:\/\/blog.liesdoch.de\/wp-content\/uploads\/2018\/01\/45002297z.jpg\"><img loading=\"lazy\" decoding=\"async\" class=\"alignnone size-medium wp-image-5438\" src=\"http:\/\/blog.liesdoch.de\/wp-content\/uploads\/2018\/01\/45002297z-183x300.jpg\" alt=\"\" width=\"183\" height=\"300\" srcset=\"https:\/\/blog.liesdoch.de\/wp-content\/uploads\/2018\/01\/45002297z-183x300.jpg 183w, https:\/\/blog.liesdoch.de\/wp-content\/uploads\/2018\/01\/45002297z.jpg 289w\" sizes=\"auto, (max-width: 183px) 100vw, 183px\" \/><\/a><\/p>\n<p>&nbsp;<\/p>\n<p>&nbsp;<\/p>\n<p>Robert Habeck, Wer wagt, beginnt. Die Politik und ich, Kiepenheuer &amp; Witsch 2018, ISBN 978-3-462-04949-7<\/p>\n<p>&nbsp;<\/p>\n<p>Mit einer als Buch verfassten ehrlichen und authentischen Selbstbefragung stellt sich der einer ganz breiten politischen \u00d6ffentlichkeit noch nicht sehr bekannte Schriftsteller und Gr\u00fcnen -Politiker Robert Habeck nicht nur seiner innerparteilichen \u00d6ffentlichkeit im Rahmen der noch andauernden Urwahl f\u00fcr die Bundestagewahl 2017 vor, sondern versucht sich als neue Stimme bei den Gr\u00fcnen auch einem breiten Publikum bekannt zu machen.<\/p>\n<p>&nbsp;<\/p>\n<p>Robert Habeck hat einen ungew\u00f6hnlichen Lebenslauf und muss, obwohl er in Schleswig-Holstein stellvertretender Ministerpr\u00e4sident ist, bei der Urwahl f\u00fcr den m\u00e4nnlichen Part der Spitzenkandidatur f\u00fcr die Bundestagswahl 2017 wohl als Au\u00dfenseiter gelten. Zu medial pr\u00e4sent sind seine Mitbewerber Cem \u00d6zdemir und Anton Hofreiter, als dass er da mithalten k\u00f6nnte.<\/p>\n<p>&nbsp;<\/p>\n<p>Sehr wohl mithalten und noch viel mehr, kann er mit inhaltlichen und programmatischen Vorstellungen, mit einer neuen Idee von Politik, die er sehr \u00fcberzeugend in seinem pers\u00f6nlichen Buch vorstellt.<\/p>\n<p>&nbsp;<\/p>\n<p>Er beschreibt, was ihn seit seiner Jugend politisch antreibt, wie er mit seiner Frau und dem gemeinsamem vier S\u00f6hnen versucht, Familie und Politik fair zusammen zu bringen, er redet freim\u00fctig \u00fcber die Ver\u00e4nderung seines Leben in den politischen \u00c4mtern, die er seit einigen Jahren innehat. Und er pl\u00e4diert immer wieder, gerade in Zeiten schneller politischer Entscheidung so etwas wie eine Kultur des Zweifels zuzulassen.<\/p>\n<p>&nbsp;<\/p>\n<p>Konflikte und Kompromisse um sie zu l\u00f6sen, h\u00e4lt er f\u00fcr ein grundlegendes Fundament und den Sinn von Demokratie. Durch das ganze Buch weht so etwas wie ein frischer Wind von der Nord- und Ostsee, wo Habeck lebt.<\/p>\n<p>Unabh\u00e4ngig davon, wie in einem Jahr (oder vielleicht gar schon fr\u00fcher?) die Regierungsbildung nach der Bundestagswahl aussehen wird, ich k\u00f6nnte mir vorstellen, dass ein Mann wie Robert Habeck mit seiner Idee von Politik da ein wichtiges Wort mitzureden h\u00e4tte.<\/p>\n<p>&nbsp;<\/p>\n<p>Wenn er denn aus der Urwahl als Sieger hervorgeht. Die Gr\u00fcnenbasis war schon f\u00fcr viele \u00dcberraschungen gut. Wir werden sehen.<\/p>\n<p>&nbsp;<\/p>\n<p>Das Buch jedenfalls ist und bleibt ein pers\u00f6nliches Dokument, das einen \u00fcberzeugenden Weg weist \u201ein eine Politik, wie sie sein sollte\u201c (Juli Zeh).<\/p>\n<p>&nbsp;<\/p>\n<p>Mittlerweile in der vierten Auflage (!) hat Robert Habeck, dessen Wagnis Ende Januar 2018 auf dem Bundesparteitag der Gr\u00fcnen aufgegangen ist und der zusammen mit Anita Baerbrock zum neuen Vorsitzenden der Gr\u00fcnen gew\u00e4hlt wurde, dem Buch ein etwa 30-seitiges Nachwort hinzugef\u00fcgt, dessen Inhalt aufmerksame Politikbeobachter und Nachrichtenleser im Wesentlichen kennen. Es blickt zur\u00fcck auf die Jamaika Verhandlungen und ist eine profunde Zusammenfassung der Strategie, mit der er zusammen mit seiner Co-Vorsitzenden die Gr\u00fcnen ausstatten will.<\/p>\n<p>&nbsp;<\/p>\n<p>Jetzt braucht es f\u00fcr Habeck und die Gr\u00fcnen eigentlich nur noch Neuwahlen, denn vier Jahre als kleinste Fraktion in der Opposition werden ihm definitiv weniger Gelegenheit geben, seine Agenda umzusetzen.<\/p>\n<p>&nbsp;<\/p>\n","protected":false},"excerpt":{"rendered":"<p>&nbsp; &nbsp; &nbsp; &nbsp; Robert Habeck, Wer wagt, beginnt. Die Politik und ich, Kiepenheuer &amp; Witsch 2018, ISBN 978-3-462-04949-7 &nbsp; Mit einer als Buch verfassten ehrlichen und authentischen Selbstbefragung stellt sich der einer ganz breiten politischen \u00d6ffentlichkeit noch nicht sehr bekannte Schriftsteller und Gr\u00fcnen -Politiker Robert Habeck nicht nur seiner innerparteilichen \u00d6ffentlichkeit im Rahmen der &hellip; <a href=\"https:\/\/blog.liesdoch.de\/?p=5437\" class=\"more-link\"><span class=\"screen-reader-text\">Wer wagt, beginnt. Die Politik und ich<\/span> weiterlesen <span class=\"meta-nav\">&rarr;<\/span><\/a><\/p>\n","protected":false},"author":6,"featured_media":0,"comment_status":"closed","ping_status":"open","sticky":false,"template":"","format":"standard","meta":{"footnotes":""},"categories":[1],"tags":[],"class_list":["post-5437","post","type-post","status-publish","format-standard","hentry","category-allgemein"],"_links":{"self":[{"href":"https:\/\/blog.liesdoch.de\/index.php?rest_route=\/wp\/v2\/posts\/5437","targetHints":{"allow":["GET"]}}],"collection":[{"href":"https:\/\/blog.liesdoch.de\/index.php?rest_route=\/wp\/v2\/posts"}],"about":[{"href":"https:\/\/blog.liesdoch.de\/index.php?rest_route=\/wp\/v2\/types\/post"}],"author":[{"embeddable":true,"href":"https:\/\/blog.liesdoch.de\/index.php?rest_route=\/wp\/v2\/users\/6"}],"replies":[{"embeddable":true,"href":"https:\/\/blog.liesdoch.de\/index.php?rest_route=%2Fwp%2Fv2%2Fcomments&post=5437"}],"version-history":[{"count":1,"href":"https:\/\/blog.liesdoch.de\/index.php?rest_route=\/wp\/v2\/posts\/5437\/revisions"}],"predecessor-version":[{"id":5439,"href":"https:\/\/blog.liesdoch.de\/index.php?rest_route=\/wp\/v2\/posts\/5437\/revisions\/5439"}],"wp:attachment":[{"href":"https:\/\/blog.liesdoch.de\/index.php?rest_route=%2Fwp%2Fv2%2Fmedia&parent=5437"}],"wp:term":[{"taxonomy":"category","embeddable":true,"href":"https:\/\/blog.liesdoch.de\/index.php?rest_route=%2Fwp%2Fv2%2Fcategories&post=5437"},{"taxonomy":"post_tag","embeddable":true,"href":"https:\/\/blog.liesdoch.de\/index.php?rest_route=%2Fwp%2Fv2%2Ftags&post=5437"}],"curies":[{"name":"wp","href":"https:\/\/api.w.org\/{rel}","templated":true}]}}