{"id":545,"date":"2015-09-21T12:09:43","date_gmt":"2015-09-21T10:09:43","guid":{"rendered":"http:\/\/blog.liesdoch.de\/?p=545"},"modified":"2015-09-21T12:09:43","modified_gmt":"2015-09-21T10:09:43","slug":"die-stunde-der-kurden","status":"publish","type":"post","link":"https:\/\/blog.liesdoch.de\/?p=545","title":{"rendered":"Die Stunde der Kurden"},"content":{"rendered":"<p>&nbsp;<\/p>\n<p>&nbsp;<\/p>\n<p><a href=\"http:\/\/blog.liesdoch.de\/wp-content\/uploads\/2015\/09\/41984841z.jpg\"><img loading=\"lazy\" decoding=\"async\" class=\"alignnone size-medium wp-image-546\" src=\"http:\/\/blog.liesdoch.de\/wp-content\/uploads\/2015\/09\/41984841z-189x300.jpg\" alt=\"41984841z\" width=\"189\" height=\"300\" srcset=\"https:\/\/blog.liesdoch.de\/wp-content\/uploads\/2015\/09\/41984841z-189x300.jpg 189w, https:\/\/blog.liesdoch.de\/wp-content\/uploads\/2015\/09\/41984841z.jpg 265w\" sizes=\"auto, (max-width: 189px) 100vw, 189px\" \/><\/a><\/p>\n<p>&nbsp;<\/p>\n<p>Hans- Joachim L\u00f6wer, Die Stunde der Kurden, Styria 2015, ISBN 978-3-222-13493-7<\/p>\n<p>&nbsp;<\/p>\n<p>Noch vor einigen Monaten war der Widerstand der Kurden gegen das Vorr\u00fccken des IS in allen Medien pr\u00e4sent. Nahe der t\u00fcrkischen Grenzen (Kobane) und im Irak selbst. Nach der letzten Wahl hat der Erfgolg der kurdischen HDP eine absolute Mehrheit von Erdogans Partei verhindert und dazu gef\u00fchrt, dass der t\u00fcrkischen Staat die Verhandlungen mit der PKK abbrach und diese zu ihre blutigen Anschl\u00e4gen zur\u00fcckkehrte.<\/p>\n<p>L\u00f6wer bietet in seinem gut lesbaren Buch eine lebendige Darstellung, nah an den Menschen, interessant im Stil, ein \u201eBlick aus der N\u00e4he\u201c auf eine Region und ein Volk, dessen Name zwar gel\u00e4ufig ist, \u00fcber dessen konkrete Geschichte und \u00fcber dessen aktuelle Vision eines freien, eigenen Staates, in dem dann auch demokratische Freiheit selbstverst\u00e4ndlich sein soll, relativ wenig Wissen herrscht Bekanntheit vorliegt.<\/p>\n<p>Ein Jahrhundert der Repressalien in der T\u00fcrkei, in Syrien, im Irak und im Iran haben eine ganz eigene Geschichte geschrieben, in der deutlich wird: Geduld und Beharrungsverm\u00f6gen beginnen, sich in labilen Verh\u00e4ltnisses des Umfeldes langsam auszuzahlen.<br \/>\nDennoch kann man die aktuelle Entwicklung nur als einen weiteren R\u00fcckschlag in dieser Entwicklung ansehen, den L\u00f6wer, als er das Buch schrieb, so nicht voraussehen konnte. Den Kampf um einen eigenen Staat wird das aber nicht schm\u00e4lern<br \/>\n&nbsp;<\/p>\n<p>&nbsp;<\/p>\n<p>&nbsp;<\/p>\n<p>&nbsp;<\/p>\n<p>&nbsp;<\/p>\n","protected":false},"excerpt":{"rendered":"<p>&nbsp; &nbsp; &nbsp; Hans- Joachim L\u00f6wer, Die Stunde der Kurden, Styria 2015, ISBN 978-3-222-13493-7 &nbsp; Noch vor einigen Monaten war der Widerstand der Kurden gegen das Vorr\u00fccken des IS in allen Medien pr\u00e4sent. Nahe der t\u00fcrkischen Grenzen (Kobane) und im Irak selbst. Nach der letzten Wahl hat der Erfgolg der kurdischen HDP eine absolute Mehrheit &hellip; <a href=\"https:\/\/blog.liesdoch.de\/?p=545\" class=\"more-link\"><span class=\"screen-reader-text\">Die Stunde der Kurden<\/span> weiterlesen <span class=\"meta-nav\">&rarr;<\/span><\/a><\/p>\n","protected":false},"author":6,"featured_media":0,"comment_status":"open","ping_status":"open","sticky":false,"template":"","format":"standard","meta":{"footnotes":""},"categories":[1],"tags":[207,208],"class_list":["post-545","post","type-post","status-publish","format-standard","hentry","category-allgemein","tag-kurden","tag-tuerkei"],"_links":{"self":[{"href":"https:\/\/blog.liesdoch.de\/index.php?rest_route=\/wp\/v2\/posts\/545","targetHints":{"allow":["GET"]}}],"collection":[{"href":"https:\/\/blog.liesdoch.de\/index.php?rest_route=\/wp\/v2\/posts"}],"about":[{"href":"https:\/\/blog.liesdoch.de\/index.php?rest_route=\/wp\/v2\/types\/post"}],"author":[{"embeddable":true,"href":"https:\/\/blog.liesdoch.de\/index.php?rest_route=\/wp\/v2\/users\/6"}],"replies":[{"embeddable":true,"href":"https:\/\/blog.liesdoch.de\/index.php?rest_route=%2Fwp%2Fv2%2Fcomments&post=545"}],"version-history":[{"count":1,"href":"https:\/\/blog.liesdoch.de\/index.php?rest_route=\/wp\/v2\/posts\/545\/revisions"}],"predecessor-version":[{"id":547,"href":"https:\/\/blog.liesdoch.de\/index.php?rest_route=\/wp\/v2\/posts\/545\/revisions\/547"}],"wp:attachment":[{"href":"https:\/\/blog.liesdoch.de\/index.php?rest_route=%2Fwp%2Fv2%2Fmedia&parent=545"}],"wp:term":[{"taxonomy":"category","embeddable":true,"href":"https:\/\/blog.liesdoch.de\/index.php?rest_route=%2Fwp%2Fv2%2Fcategories&post=545"},{"taxonomy":"post_tag","embeddable":true,"href":"https:\/\/blog.liesdoch.de\/index.php?rest_route=%2Fwp%2Fv2%2Ftags&post=545"}],"curies":[{"name":"wp","href":"https:\/\/api.w.org\/{rel}","templated":true}]}}