{"id":5487,"date":"2018-01-31T15:38:58","date_gmt":"2018-01-31T13:38:58","guid":{"rendered":"http:\/\/blog.liesdoch.de\/?p=5487"},"modified":"2018-01-31T15:38:58","modified_gmt":"2018-01-31T13:38:58","slug":"autopsie-des-vaters","status":"publish","type":"post","link":"https:\/\/blog.liesdoch.de\/?p=5487","title":{"rendered":"Autopsie des Vaters"},"content":{"rendered":"<p>&nbsp;<\/p>\n<p>&nbsp;<\/p>\n<p>&nbsp;<\/p>\n<p><a href=\"http:\/\/blog.liesdoch.de\/wp-content\/uploads\/2018\/01\/48237299z-1.jpg\"><img loading=\"lazy\" decoding=\"async\" class=\"alignnone size-medium wp-image-5488\" src=\"http:\/\/blog.liesdoch.de\/wp-content\/uploads\/2018\/01\/48237299z-1-183x300.jpg\" alt=\"\" width=\"183\" height=\"300\" srcset=\"https:\/\/blog.liesdoch.de\/wp-content\/uploads\/2018\/01\/48237299z-1-183x300.jpg 183w, https:\/\/blog.liesdoch.de\/wp-content\/uploads\/2018\/01\/48237299z-1.jpg 289w\" sizes=\"auto, (max-width: 183px) 100vw, 183px\" \/><\/a><\/p>\n<p>&nbsp;<\/p>\n<p>Pascale Kramer, Autopsie des Vaters, Rotpunktverlag 2017, ISBNN 978-3-85869-759-2<\/p>\n<p>&nbsp;<\/p>\n<p>Die in Paris lebende und 2017 mit dem Schweizer Grand Prix Literatur 2017 ausgezeichnete Schweizer Autorin Pascale Kramer erz\u00e4hlt in ihrem neuen Roman \u201eAutopsie des Vaters\u201c von einer schwierigen Beziehung zwischen einer Tochter und ihrem Vater aus der Perspektive der Tochter. Mit einem wunderbaren Gesp\u00fcr f\u00fcr feine \u201eZwischent\u00f6ne, des beredeten Schweigens, der non-dits\u201c (aus der Preisbegr\u00fcndung) erz\u00e4hlt Ania von ihrer Beziehung zu ihrem Vater, den sie kurz vor dessen Selbstmord noch einmal trifft.<\/p>\n<p>&nbsp;<\/p>\n<p>Der Vater, Gabriel, der fr\u00fcher ein engagierter linker Radiojournalist und Intellektueller war, hat seien Tochter allein gro\u00dfgezogen, nachdem seine Frau gestorben war. \u00dcberfordert von dieser Aufgabe, wollte Gabriel lange Zeit keine weitere Beziehung eingehen. Seine Tochter wird ihm immer fremder, je erwachsener sie wird. Sie hat sich anders entwickelt, als er hoffte. Sie ist keine Intellektuelle geworden wie er, was ihn entt\u00e4uscht.<\/p>\n<p>&nbsp;<\/p>\n<p>Als sie sich dann in einen Muslim verliebt und Mutter wird, wird die Distanz zwischen beiden riesengro\u00df. Zumal Gabriel in seinem kleinen Dorf den M\u00f6rder eines Migranten verteidigt hat und auch sonst viel rechtes Gedankengut von sich gibt.<\/p>\n<p>&nbsp;<\/p>\n<p>Pascal Kramers Roman &#8222;Autopsie des Vaters&#8220; beginnt mit einem Besuch beim Vater. Die Tochter und der inzwischen 6j\u00e4hrige \u00a0Enkel besuchen ihn \u00a0nach einer langen Zeit der Distanz\u00a0 in seinem Haus. Sofort brechen bei Ania alte, schon vergessen geglaubte Verletzungen wieder schmerzhaft auf. Sensibel und ehrlich erinnert sie sich und beschreibt eine eigentlich schon immer misslungene Beziehung<\/p>\n<p>Es soll die letzte Begegnung sein: Am Abend begeht Gabriel Selbstmord. Wohl das Eingest\u00e4ndnis des eigenen Scheiterns. Ob das der Tochter und ihrem Kind weiterhilft, bleibt offen.<\/p>\n<p>&nbsp;<\/p>\n<p>&nbsp;<\/p>\n<p>&nbsp;<\/p>\n<p>&nbsp;<\/p>\n","protected":false},"excerpt":{"rendered":"<p>&nbsp; &nbsp; &nbsp; &nbsp; Pascale Kramer, Autopsie des Vaters, Rotpunktverlag 2017, ISBNN 978-3-85869-759-2 &nbsp; Die in Paris lebende und 2017 mit dem Schweizer Grand Prix Literatur 2017 ausgezeichnete Schweizer Autorin Pascale Kramer erz\u00e4hlt in ihrem neuen Roman \u201eAutopsie des Vaters\u201c von einer schwierigen Beziehung zwischen einer Tochter und ihrem Vater aus der Perspektive der Tochter. &hellip; <a href=\"https:\/\/blog.liesdoch.de\/?p=5487\" class=\"more-link\"><span class=\"screen-reader-text\">Autopsie des Vaters<\/span> weiterlesen <span class=\"meta-nav\">&rarr;<\/span><\/a><\/p>\n","protected":false},"author":6,"featured_media":0,"comment_status":"closed","ping_status":"open","sticky":false,"template":"","format":"standard","meta":{"footnotes":""},"categories":[1],"tags":[],"class_list":["post-5487","post","type-post","status-publish","format-standard","hentry","category-allgemein"],"_links":{"self":[{"href":"https:\/\/blog.liesdoch.de\/index.php?rest_route=\/wp\/v2\/posts\/5487","targetHints":{"allow":["GET"]}}],"collection":[{"href":"https:\/\/blog.liesdoch.de\/index.php?rest_route=\/wp\/v2\/posts"}],"about":[{"href":"https:\/\/blog.liesdoch.de\/index.php?rest_route=\/wp\/v2\/types\/post"}],"author":[{"embeddable":true,"href":"https:\/\/blog.liesdoch.de\/index.php?rest_route=\/wp\/v2\/users\/6"}],"replies":[{"embeddable":true,"href":"https:\/\/blog.liesdoch.de\/index.php?rest_route=%2Fwp%2Fv2%2Fcomments&post=5487"}],"version-history":[{"count":1,"href":"https:\/\/blog.liesdoch.de\/index.php?rest_route=\/wp\/v2\/posts\/5487\/revisions"}],"predecessor-version":[{"id":5489,"href":"https:\/\/blog.liesdoch.de\/index.php?rest_route=\/wp\/v2\/posts\/5487\/revisions\/5489"}],"wp:attachment":[{"href":"https:\/\/blog.liesdoch.de\/index.php?rest_route=%2Fwp%2Fv2%2Fmedia&parent=5487"}],"wp:term":[{"taxonomy":"category","embeddable":true,"href":"https:\/\/blog.liesdoch.de\/index.php?rest_route=%2Fwp%2Fv2%2Fcategories&post=5487"},{"taxonomy":"post_tag","embeddable":true,"href":"https:\/\/blog.liesdoch.de\/index.php?rest_route=%2Fwp%2Fv2%2Ftags&post=5487"}],"curies":[{"name":"wp","href":"https:\/\/api.w.org\/{rel}","templated":true}]}}