{"id":549,"date":"2015-09-21T12:47:28","date_gmt":"2015-09-21T10:47:28","guid":{"rendered":"http:\/\/blog.liesdoch.de\/?p=549"},"modified":"2015-09-21T12:47:28","modified_gmt":"2015-09-21T10:47:28","slug":"der-zauberlehrling","status":"publish","type":"post","link":"https:\/\/blog.liesdoch.de\/?p=549","title":{"rendered":"Der Zauberlehrling"},"content":{"rendered":"<p>&nbsp;<\/p>\n<p><a href=\"http:\/\/blog.liesdoch.de\/wp-content\/uploads\/2015\/09\/42778804z.jpg\"><img loading=\"lazy\" decoding=\"async\" class=\"alignnone size-medium wp-image-550\" src=\"http:\/\/blog.liesdoch.de\/wp-content\/uploads\/2015\/09\/42778804z-240x300.jpg\" alt=\"42778804z\" width=\"240\" height=\"300\" srcset=\"https:\/\/blog.liesdoch.de\/wp-content\/uploads\/2015\/09\/42778804z-240x300.jpg 240w, https:\/\/blog.liesdoch.de\/wp-content\/uploads\/2015\/09\/42778804z.jpg 381w\" sizes=\"auto, (max-width: 240px) 100vw, 240px\" \/><\/a><\/p>\n<p>Marko Simsa, Doris Eisenburger, Der Zauberlehrling, Annette Betz 2015, 32 Seiten, ISBN 978-3-219-11651-9<\/p>\n<p>&nbsp;<\/p>\n<p>In seiner sehr erfolgreichen und durchweg empfehlenswerten Reihe \u201eMusikalische Bilderb\u00fccher\u201c ver\u00f6ffentlicht der Annette Betz Verlag aus Wien in diesem Jahr unter anderem \u201eDer Zauberlehrling\u201c, eine von Paul Dukas vertonte Ballade von Johann Wolfgang von Goethe.<\/p>\n<p>&nbsp;<\/p>\n<p>Das von Doris Eisenburger sehr ansprechend illustrierte Bilderbuch und die dem Buch beigef\u00fcgte CD erg\u00e4nzen sich, k\u00f6nnen unabh\u00e4ngig voneinander gelesen und geh\u00f6rt werden. Es empfiehlt sich jedoch, an den im Buch angef\u00fchrten Stellen den jeweiligen Abschnitt auf der CD zu h\u00f6ren, von Marko Simsa einf\u00fchlsam gesprochen, da im Text immer wieder auf die Musik von Dukas Bezug genommen wird.<\/p>\n<p>&nbsp;<\/p>\n<p>Kinder k\u00f6nnen auf diese Weise gut an die klassische Musik herangef\u00fchrt werden und bekommen sie gleichzeitig auch noch gut erkl\u00e4rt. Ich kann das Buch ebenso empfehlen wie die anderen aus dieser sch\u00f6nen Reihe.<\/p>\n","protected":false},"excerpt":{"rendered":"<p>&nbsp; Marko Simsa, Doris Eisenburger, Der Zauberlehrling, Annette Betz 2015, 32 Seiten, ISBN 978-3-219-11651-9 &nbsp; In seiner sehr erfolgreichen und durchweg empfehlenswerten Reihe \u201eMusikalische Bilderb\u00fccher\u201c ver\u00f6ffentlicht der Annette Betz Verlag aus Wien in diesem Jahr unter anderem \u201eDer Zauberlehrling\u201c, eine von Paul Dukas vertonte Ballade von Johann Wolfgang von Goethe. &nbsp; Das von Doris Eisenburger &hellip; <a href=\"https:\/\/blog.liesdoch.de\/?p=549\" class=\"more-link\"><span class=\"screen-reader-text\">Der Zauberlehrling<\/span> weiterlesen <span class=\"meta-nav\">&rarr;<\/span><\/a><\/p>\n","protected":false},"author":6,"featured_media":0,"comment_status":"open","ping_status":"open","sticky":false,"template":"","format":"standard","meta":{"footnotes":""},"categories":[1],"tags":[],"class_list":["post-549","post","type-post","status-publish","format-standard","hentry","category-allgemein"],"_links":{"self":[{"href":"https:\/\/blog.liesdoch.de\/index.php?rest_route=\/wp\/v2\/posts\/549","targetHints":{"allow":["GET"]}}],"collection":[{"href":"https:\/\/blog.liesdoch.de\/index.php?rest_route=\/wp\/v2\/posts"}],"about":[{"href":"https:\/\/blog.liesdoch.de\/index.php?rest_route=\/wp\/v2\/types\/post"}],"author":[{"embeddable":true,"href":"https:\/\/blog.liesdoch.de\/index.php?rest_route=\/wp\/v2\/users\/6"}],"replies":[{"embeddable":true,"href":"https:\/\/blog.liesdoch.de\/index.php?rest_route=%2Fwp%2Fv2%2Fcomments&post=549"}],"version-history":[{"count":1,"href":"https:\/\/blog.liesdoch.de\/index.php?rest_route=\/wp\/v2\/posts\/549\/revisions"}],"predecessor-version":[{"id":551,"href":"https:\/\/blog.liesdoch.de\/index.php?rest_route=\/wp\/v2\/posts\/549\/revisions\/551"}],"wp:attachment":[{"href":"https:\/\/blog.liesdoch.de\/index.php?rest_route=%2Fwp%2Fv2%2Fmedia&parent=549"}],"wp:term":[{"taxonomy":"category","embeddable":true,"href":"https:\/\/blog.liesdoch.de\/index.php?rest_route=%2Fwp%2Fv2%2Fcategories&post=549"},{"taxonomy":"post_tag","embeddable":true,"href":"https:\/\/blog.liesdoch.de\/index.php?rest_route=%2Fwp%2Fv2%2Ftags&post=549"}],"curies":[{"name":"wp","href":"https:\/\/api.w.org\/{rel}","templated":true}]}}