{"id":5501,"date":"2018-02-07T11:36:03","date_gmt":"2018-02-07T09:36:03","guid":{"rendered":"http:\/\/blog.liesdoch.de\/?p=5501"},"modified":"2018-02-07T11:36:03","modified_gmt":"2018-02-07T09:36:03","slug":"ich-bin-der-staerkste","status":"publish","type":"post","link":"https:\/\/blog.liesdoch.de\/?p=5501","title":{"rendered":"Ich bin der St\u00e4rkste"},"content":{"rendered":"<p>&nbsp;<\/p>\n<p>&nbsp;<\/p>\n<p><a href=\"http:\/\/blog.liesdoch.de\/wp-content\/uploads\/2018\/02\/48081802z.jpg\"><img loading=\"lazy\" decoding=\"async\" class=\"alignnone size-medium wp-image-5502\" src=\"http:\/\/blog.liesdoch.de\/wp-content\/uploads\/2018\/02\/48081802z-232x300.jpg\" alt=\"\" width=\"232\" height=\"300\" srcset=\"https:\/\/blog.liesdoch.de\/wp-content\/uploads\/2018\/02\/48081802z-232x300.jpg 232w, https:\/\/blog.liesdoch.de\/wp-content\/uploads\/2018\/02\/48081802z.jpg 325w\" sizes=\"auto, (max-width: 232px) 100vw, 232px\" \/><\/a><\/p>\n<p>Jan de Kinder, Ich bin der St\u00e4rkste, Thienemann 2017, ISBN 978-3-522-45853-5<\/p>\n<p>&nbsp;<\/p>\n<p>Das kleine Schwein in dem vorliegenden Bilderbuch des Niederl\u00e4nders Jan de Kinder, das Rolf Erdorf ins Deutsche \u00fcbersetzt hat, steckt voller Selbstbewusstsein und h\u00e4lt sich f\u00fcr den St\u00e4rksten, der sogar einem gro\u00dfen Elefanten wagt, Paroli zu bieten. Der reagiert auf das Schwein im schicken Sportdress eher zur\u00fcckhaltend, doch Schweini besteht darauf, dass der Elefant in seine Arme springen soll. Zweifelnd willigt das graue Tier ein, und im ersten Versuch verschwindet, wenig \u00fcberraschend, das kleine Schwein im Sand.<\/p>\n<p>&nbsp;<\/p>\n<p>Doch das clevere Schwein denkt sich f\u00fcr den zweiten Versuch im Gras etwas aus, was den kleinen Betrachter de Bilderbuchs zun\u00e4chst best\u00e4tigt, ihn aber beim zweiten Hinsehen mit einer \u00dcberraschung konfrontiert, die genial ist.<\/p>\n<p>&nbsp;<\/p>\n<p>Jan de Kinder arbeitet mit \u00a0geschickt erzeugten Erwartungsbildern und schafft es, die Pointe auch in der Darstellung auf allen Ebenen \u00fcberzeugend in Szene zu setzen.<\/p>\n<p>Eine warmherzige und weise Bilderbuchgeschichte \u00fcber Freundschaft und Gro\u00dfmut.<\/p>\n<p>&nbsp;<\/p>\n","protected":false},"excerpt":{"rendered":"<p>&nbsp; &nbsp; Jan de Kinder, Ich bin der St\u00e4rkste, Thienemann 2017, ISBN 978-3-522-45853-5 &nbsp; Das kleine Schwein in dem vorliegenden Bilderbuch des Niederl\u00e4nders Jan de Kinder, das Rolf Erdorf ins Deutsche \u00fcbersetzt hat, steckt voller Selbstbewusstsein und h\u00e4lt sich f\u00fcr den St\u00e4rksten, der sogar einem gro\u00dfen Elefanten wagt, Paroli zu bieten. Der reagiert auf das &hellip; <a href=\"https:\/\/blog.liesdoch.de\/?p=5501\" class=\"more-link\"><span class=\"screen-reader-text\">Ich bin der St\u00e4rkste<\/span> weiterlesen <span class=\"meta-nav\">&rarr;<\/span><\/a><\/p>\n","protected":false},"author":6,"featured_media":0,"comment_status":"closed","ping_status":"open","sticky":false,"template":"","format":"standard","meta":{"footnotes":""},"categories":[1],"tags":[],"class_list":["post-5501","post","type-post","status-publish","format-standard","hentry","category-allgemein"],"_links":{"self":[{"href":"https:\/\/blog.liesdoch.de\/index.php?rest_route=\/wp\/v2\/posts\/5501","targetHints":{"allow":["GET"]}}],"collection":[{"href":"https:\/\/blog.liesdoch.de\/index.php?rest_route=\/wp\/v2\/posts"}],"about":[{"href":"https:\/\/blog.liesdoch.de\/index.php?rest_route=\/wp\/v2\/types\/post"}],"author":[{"embeddable":true,"href":"https:\/\/blog.liesdoch.de\/index.php?rest_route=\/wp\/v2\/users\/6"}],"replies":[{"embeddable":true,"href":"https:\/\/blog.liesdoch.de\/index.php?rest_route=%2Fwp%2Fv2%2Fcomments&post=5501"}],"version-history":[{"count":1,"href":"https:\/\/blog.liesdoch.de\/index.php?rest_route=\/wp\/v2\/posts\/5501\/revisions"}],"predecessor-version":[{"id":5503,"href":"https:\/\/blog.liesdoch.de\/index.php?rest_route=\/wp\/v2\/posts\/5501\/revisions\/5503"}],"wp:attachment":[{"href":"https:\/\/blog.liesdoch.de\/index.php?rest_route=%2Fwp%2Fv2%2Fmedia&parent=5501"}],"wp:term":[{"taxonomy":"category","embeddable":true,"href":"https:\/\/blog.liesdoch.de\/index.php?rest_route=%2Fwp%2Fv2%2Fcategories&post=5501"},{"taxonomy":"post_tag","embeddable":true,"href":"https:\/\/blog.liesdoch.de\/index.php?rest_route=%2Fwp%2Fv2%2Ftags&post=5501"}],"curies":[{"name":"wp","href":"https:\/\/api.w.org\/{rel}","templated":true}]}}