{"id":5504,"date":"2018-02-07T11:36:39","date_gmt":"2018-02-07T09:36:39","guid":{"rendered":"http:\/\/blog.liesdoch.de\/?p=5504"},"modified":"2018-02-07T11:36:39","modified_gmt":"2018-02-07T09:36:39","slug":"die-geiss-die-alles-weiss","status":"publish","type":"post","link":"https:\/\/blog.liesdoch.de\/?p=5504","title":{"rendered":"Die Geiss, die alles weiss"},"content":{"rendered":"<p>&nbsp;<\/p>\n<p>&nbsp;<\/p>\n<p>&nbsp;<\/p>\n<p><a href=\"http:\/\/blog.liesdoch.de\/wp-content\/uploads\/2018\/02\/49740235z.jpg\"><img loading=\"lazy\" decoding=\"async\" class=\"alignnone size-medium wp-image-5505\" src=\"http:\/\/blog.liesdoch.de\/wp-content\/uploads\/2018\/02\/49740235z-233x300.jpg\" alt=\"\" width=\"233\" height=\"300\" srcset=\"https:\/\/blog.liesdoch.de\/wp-content\/uploads\/2018\/02\/49740235z-233x300.jpg 233w, https:\/\/blog.liesdoch.de\/wp-content\/uploads\/2018\/02\/49740235z.jpg 369w\" sizes=\"auto, (max-width: 233px) 100vw, 233px\" \/><\/a><\/p>\n<p>Mira Gysi, Die Geiss, die alles weiss, Nord S\u00fcd Verlag 2018, ISBN 978-3-314-104266-8<\/p>\n<p>&nbsp;<\/p>\n<p>Das vorliegende Sach-Bilderbuch der 1989 geborenen B\u00e4uerin und Illustratorin ist ein gelungenes Deb\u00fct. Mit der Figur von Ina, der \u201eGeiss, die alles weiss\u201c hat sie versucht, kleinen Kindern nahezubringen, was eigentlich mit der Milch passiert, nachdem sie aus dem Euter von Ziegen oder K\u00fchen gemolken wurde.<\/p>\n<p>&nbsp;<\/p>\n<p>Die Kinder, denen dieses Buch vorgelesen wird und die sich die eigenwilligen Illustrationen anschauen, k\u00f6nnen zusammen mit Ina nicht nur verfolgen\u00a0 und lernen, was aus Milch alles hergestellt werden kann, sondern auch, wie viele andere Lebensmittel auf einem Bauernhof entstehen.<\/p>\n<p>&nbsp;<\/p>\n<p>Mira Gysi, selbst leidenschaftliche B\u00e4uerin in einem kleinen Emmentaler Dorf, hat eine lustige und lehrreiche Geschichte geschrieben und gezeichnet rund um unsere (gesunde) Ern\u00e4hrung.<\/p>\n<p>&nbsp;<\/p>\n<p>Man m\u00f6chte die Autorin ermutigen, noch weitere Geschichten von ihrem Bauernhof zu erz\u00e4hlen, aus denen Kinder, die oft noch nie einen Bauernhof gesehen haben, etwas lernen k\u00f6nnen.<\/p>\n<p>&nbsp;<\/p>\n<p>&nbsp;<\/p>\n","protected":false},"excerpt":{"rendered":"<p>&nbsp; &nbsp; &nbsp; Mira Gysi, Die Geiss, die alles weiss, Nord S\u00fcd Verlag 2018, ISBN 978-3-314-104266-8 &nbsp; Das vorliegende Sach-Bilderbuch der 1989 geborenen B\u00e4uerin und Illustratorin ist ein gelungenes Deb\u00fct. Mit der Figur von Ina, der \u201eGeiss, die alles weiss\u201c hat sie versucht, kleinen Kindern nahezubringen, was eigentlich mit der Milch passiert, nachdem sie aus &hellip; <a href=\"https:\/\/blog.liesdoch.de\/?p=5504\" class=\"more-link\"><span class=\"screen-reader-text\">Die Geiss, die alles weiss<\/span> weiterlesen <span class=\"meta-nav\">&rarr;<\/span><\/a><\/p>\n","protected":false},"author":6,"featured_media":0,"comment_status":"closed","ping_status":"open","sticky":false,"template":"","format":"standard","meta":{"footnotes":""},"categories":[1],"tags":[],"class_list":["post-5504","post","type-post","status-publish","format-standard","hentry","category-allgemein"],"_links":{"self":[{"href":"https:\/\/blog.liesdoch.de\/index.php?rest_route=\/wp\/v2\/posts\/5504","targetHints":{"allow":["GET"]}}],"collection":[{"href":"https:\/\/blog.liesdoch.de\/index.php?rest_route=\/wp\/v2\/posts"}],"about":[{"href":"https:\/\/blog.liesdoch.de\/index.php?rest_route=\/wp\/v2\/types\/post"}],"author":[{"embeddable":true,"href":"https:\/\/blog.liesdoch.de\/index.php?rest_route=\/wp\/v2\/users\/6"}],"replies":[{"embeddable":true,"href":"https:\/\/blog.liesdoch.de\/index.php?rest_route=%2Fwp%2Fv2%2Fcomments&post=5504"}],"version-history":[{"count":1,"href":"https:\/\/blog.liesdoch.de\/index.php?rest_route=\/wp\/v2\/posts\/5504\/revisions"}],"predecessor-version":[{"id":5506,"href":"https:\/\/blog.liesdoch.de\/index.php?rest_route=\/wp\/v2\/posts\/5504\/revisions\/5506"}],"wp:attachment":[{"href":"https:\/\/blog.liesdoch.de\/index.php?rest_route=%2Fwp%2Fv2%2Fmedia&parent=5504"}],"wp:term":[{"taxonomy":"category","embeddable":true,"href":"https:\/\/blog.liesdoch.de\/index.php?rest_route=%2Fwp%2Fv2%2Fcategories&post=5504"},{"taxonomy":"post_tag","embeddable":true,"href":"https:\/\/blog.liesdoch.de\/index.php?rest_route=%2Fwp%2Fv2%2Ftags&post=5504"}],"curies":[{"name":"wp","href":"https:\/\/api.w.org\/{rel}","templated":true}]}}