{"id":5576,"date":"2018-02-26T17:58:41","date_gmt":"2018-02-26T15:58:41","guid":{"rendered":"http:\/\/blog.liesdoch.de\/?p=5576"},"modified":"2018-02-26T17:58:41","modified_gmt":"2018-02-26T15:58:41","slug":"die-schwedischen-gummistiefel-3","status":"publish","type":"post","link":"https:\/\/blog.liesdoch.de\/?p=5576","title":{"rendered":"Die schwedischen Gummistiefel"},"content":{"rendered":"<p>&nbsp;<\/p>\n<p>&nbsp;<\/p>\n<p><a href=\"http:\/\/blog.liesdoch.de\/wp-content\/uploads\/2018\/02\/47730710z.jpg\"><img loading=\"lazy\" decoding=\"async\" class=\"alignnone size-medium wp-image-5577\" src=\"http:\/\/blog.liesdoch.de\/wp-content\/uploads\/2018\/02\/47730710z-188x300.jpg\" alt=\"\" width=\"188\" height=\"300\" srcset=\"https:\/\/blog.liesdoch.de\/wp-content\/uploads\/2018\/02\/47730710z-188x300.jpg 188w, https:\/\/blog.liesdoch.de\/wp-content\/uploads\/2018\/02\/47730710z.jpg 298w\" sizes=\"auto, (max-width: 188px) 100vw, 188px\" \/><\/a><\/p>\n<p>&nbsp;<\/p>\n<p>&nbsp;<\/p>\n<p>Henning Mankell, Die schwedischen Gummistiefel, DTV 2017, ISBN 978-3-423-21705-7<\/p>\n<p>&nbsp;<\/p>\n<p>Im Jahr 2007 ver\u00f6ffentlichte der mittlerweile verstorbene schwedische Schriftsteller Henning Mankell ein nachdenkliches, stellenweise schwerm\u00fctiges, aber absolut ehrliches Buch mit dem Titel \u201eDie italienischen Schuhe\u201c und zeigte mit ihm und anderen, die in diesem Zeitraum nach dem endg\u00fcltigen Abschluss seiner Wallander-Reihe erschienen sind, dass er viel mehr kann als engagierte Krimis zu schreiben und als einer der besten Schriftsteller der letzten 25 Jahre in Erinnerung bleibt.<\/p>\n<p>&nbsp;<\/p>\n<p>Es war ein Buch, in dem der ehemalige Chirurg Frederik Welin sich seiner Schuld und seiner Lebensl\u00fcge stellt und am Ende in sein Logbuch notiert:<\/p>\n<p>&#8222;Bis hierher sind wir gekommen. Nicht weiter. Aber bis hierher.&#8220;<\/p>\n<p>Ich schrieb damals am Ende meiner Rezension:<\/p>\n<p>\u201eHenning Mankell hat ein stilles, aber nicht minder engagiertes und bewegendes Buch geschrieben \u00fcber Erfahrungen und Auseinandersetzungen des letzten Lebensabschnittes. Ob junge Menschen, die von seinen Wallanderromanen begeistert waren, die neue Stimme Mankells h\u00f6ren wollen, oder \u00fcberhaupt k\u00f6nnen, sei dahin gestellt.<br \/>\nAber wer bereit ist, sich ernst Fragen nach Schuld und Vergebung, Alter und Einsamkeit zu stellen, wird von diesem Roman au\u00dferordentlich f\u00fcr sich selbst profitieren.\u201c<\/p>\n<p>&nbsp;<\/p>\n<p>Als er im letzten Jahr mit \u201eTreibsand: Was es hei\u00dft, ein Mensch zu sein\u201c nach seiner Krebsdiagnose ein sehr pers\u00f6nliches und ehrliches Buch ver\u00f6ffentlichte, in dem er den Fragen \u201eWoher kommen wir? Wohin gehen wir? Welche Art der Gesellschaft will ich mitgestalten?\u201c nachging, \u00fcber Zukunftsfragen reflektierte, auf die Schl\u00fcsselszenen des eigenen Lebens zur\u00fcckblickte und \u00fcber die M\u00f6glichkeiten nachdachte, in dieser Welt ein sinnvolles Leben zu f\u00fchren, hatte man das f\u00fcr seine letzte literarische \u00c4u\u00dferung gehalten.<\/p>\n<p>&nbsp;<\/p>\n<p>Doch vor seinem Tod erinnert er sich noch einmal an seinen nach einem Kunstfehler gescheiterten Chirurgen Frederik Welin aus \u201eDie italienischen\u00a0 Schuhe\u201c und schreibt eine Art Fortsetzung, die acht Jahre sp\u00e4ter spielt und auch ohne die Kenntnis des ersten Romans gut verstanden werden kann, zumal Mankell den wieder ich-erz\u00e4hlenden alt gewordenen Frederik Welin immer wieder auf die Geschichte der \u201eitalienischen Schuhe\u201c zur\u00fcckkommen l\u00e4sst.<\/p>\n<p>&nbsp;<\/p>\n<p>Frederik Welins Haus in den Sch\u00e4ren ist durch eine Brandstiftung vernichtet worden. Was ihm geblieben ist, ist ein Wohnwagen, ein Zelt und zwei ungleiche Gummistiefel. Und ein nunmehr v\u00f6llig zerst\u00f6rtes Leben. Lohnt es sich, noch einmal neu anzufangen?<\/p>\n<p>Ein alter Mann, der alles verloren hat, was sein schon vorher br\u00fcchiges Leben ausgemacht hat, ringt um sein Leben, von der ersten bis zu letzten Zeile. Und er fragt sich:<\/p>\n<p>Was wei\u00df ich eigentlich \u00fcber die Menschen, die mir nahestehen? In seinem Fall seine Tochter Louise, seinen Inselnachbarn Jansson, den mittlerweile pensionierten Postboten und die Journalistin Lisa Modin, die nach dem Brand recherchiert und in die sich Welin verliebt.<\/p>\n<p>Was wei\u00df ich \u00fcber mich selbst? Der ganze Roman ist von der ersten bis zur letzten Zeile einer der ehrlichsten und schmerzhaftesten Selbstreflexionen, die ich je gelesen habe.<\/p>\n<p>&nbsp;<\/p>\n<p>Als Welin in Paris, wohin er gerufen wurde, weil seine schwangere Tochter Louise dort wegen eines Taschendiebstahls verhaftet wurde, am Telefon erf\u00e4hrt, dass ein weiteres Haus in den Sch\u00e4ren in Flammen aufgegangen ist, f\u00e4hrt er nach erfolgreichen Verhandlungen \u00fcber Louises Freilassung wieder nach Hause zur\u00fcck. Dieser zweite Brand, der genau wie der erste mit Brandbeschleunigern gelegt wurde, veranlasst die Polizei, die Ermittlungen gegen Frederik Welin, die ihm schwer zu schaffen gemacht haben,\u00a0 einzustellen.<\/p>\n<p>&nbsp;<\/p>\n<p>Doch wer war es? Wer hat so etwas getan? In den Begegnungen von Frederik Welin mit seiner Tochter, dem Vater des werdenden Kindes, der Journalistin, mit Jansson und anderen Sch\u00e4renbewohner beschw\u00f6rt Mankell immer wieder die M\u00f6glichkeit, aber auch Notwendigkeit menschlicher N\u00e4he angesichts der Einsamkeit, des Alters und dem nahen Tod.<\/p>\n<p>&nbsp;<\/p>\n<p>Irgendwann erh\u00e4rtet sich ein bisher unvorstellbarer Verdacht und das R\u00e4tsel der Br\u00e4nde scheint gel\u00f6st.\u00a0 Doch die Beziehungen der Menschen untereinander bleiben ungekl\u00e4rt und im geheimnisvollen Dunkel.<\/p>\n<p>Fast erwartet man, dass Welin wie am Ende der italienischen Schuhe auch hier sagt:<\/p>\n<p>&#8222;Bis hierher sind wir gekommen. Nicht weiter. Aber bis hierher.&#8220;<\/p>\n<p>Doch er blickt dem eigen Tod ins Auge und sagt n\u00fcchtern:<\/p>\n<p>\u201eBald w\u00fcrde der Herbst kommen. Aber die Dunkelheit schreckte mich nicht mehr.\u201c<\/p>\n<p>&nbsp;<\/p>\n<p>Ein lesenswertes, ber\u00fchrendes und unter die Haut gehendes literarisches Verm\u00e4chtnis. Henning Mankell war ein Schriftsteller, der durch die Qualit\u00e4t seiner verschiedenen Romane zu Lebzeiten sicher den Nobelpreis verdient h\u00e4tte.<\/p>\n<p>&nbsp;<\/p>\n<p>Seine B\u00fccher werden noch in Jahrzehnten aufgelegt und gelesen werden. Seine kritische und nachdenkliche Stimme allerdings wird fehlen.<\/p>\n<p>&nbsp;<\/p>\n","protected":false},"excerpt":{"rendered":"<p>&nbsp; &nbsp; &nbsp; &nbsp; Henning Mankell, Die schwedischen Gummistiefel, DTV 2017, ISBN 978-3-423-21705-7 &nbsp; Im Jahr 2007 ver\u00f6ffentlichte der mittlerweile verstorbene schwedische Schriftsteller Henning Mankell ein nachdenkliches, stellenweise schwerm\u00fctiges, aber absolut ehrliches Buch mit dem Titel \u201eDie italienischen Schuhe\u201c und zeigte mit ihm und anderen, die in diesem Zeitraum nach dem endg\u00fcltigen Abschluss seiner Wallander-Reihe &hellip; <a href=\"https:\/\/blog.liesdoch.de\/?p=5576\" class=\"more-link\"><span class=\"screen-reader-text\">Die schwedischen Gummistiefel<\/span> weiterlesen <span class=\"meta-nav\">&rarr;<\/span><\/a><\/p>\n","protected":false},"author":6,"featured_media":0,"comment_status":"closed","ping_status":"open","sticky":false,"template":"","format":"standard","meta":{"footnotes":""},"categories":[1],"tags":[],"class_list":["post-5576","post","type-post","status-publish","format-standard","hentry","category-allgemein"],"_links":{"self":[{"href":"https:\/\/blog.liesdoch.de\/index.php?rest_route=\/wp\/v2\/posts\/5576","targetHints":{"allow":["GET"]}}],"collection":[{"href":"https:\/\/blog.liesdoch.de\/index.php?rest_route=\/wp\/v2\/posts"}],"about":[{"href":"https:\/\/blog.liesdoch.de\/index.php?rest_route=\/wp\/v2\/types\/post"}],"author":[{"embeddable":true,"href":"https:\/\/blog.liesdoch.de\/index.php?rest_route=\/wp\/v2\/users\/6"}],"replies":[{"embeddable":true,"href":"https:\/\/blog.liesdoch.de\/index.php?rest_route=%2Fwp%2Fv2%2Fcomments&post=5576"}],"version-history":[{"count":1,"href":"https:\/\/blog.liesdoch.de\/index.php?rest_route=\/wp\/v2\/posts\/5576\/revisions"}],"predecessor-version":[{"id":5578,"href":"https:\/\/blog.liesdoch.de\/index.php?rest_route=\/wp\/v2\/posts\/5576\/revisions\/5578"}],"wp:attachment":[{"href":"https:\/\/blog.liesdoch.de\/index.php?rest_route=%2Fwp%2Fv2%2Fmedia&parent=5576"}],"wp:term":[{"taxonomy":"category","embeddable":true,"href":"https:\/\/blog.liesdoch.de\/index.php?rest_route=%2Fwp%2Fv2%2Fcategories&post=5576"},{"taxonomy":"post_tag","embeddable":true,"href":"https:\/\/blog.liesdoch.de\/index.php?rest_route=%2Fwp%2Fv2%2Ftags&post=5576"}],"curies":[{"name":"wp","href":"https:\/\/api.w.org\/{rel}","templated":true}]}}