{"id":5582,"date":"2018-02-26T18:00:02","date_gmt":"2018-02-26T16:00:02","guid":{"rendered":"http:\/\/blog.liesdoch.de\/?p=5582"},"modified":"2018-02-26T18:00:02","modified_gmt":"2018-02-26T16:00:02","slug":"1968-jugendrevolte-und-globaler-protest","status":"publish","type":"post","link":"https:\/\/blog.liesdoch.de\/?p=5582","title":{"rendered":"1968. Jugendrevolte und globaler Protest"},"content":{"rendered":"<p>&nbsp;<\/p>\n<p>&nbsp;<\/p>\n<p>&nbsp;<\/p>\n<p><a href=\"http:\/\/blog.liesdoch.de\/wp-content\/uploads\/2018\/02\/47730559z.jpg\"><img loading=\"lazy\" decoding=\"async\" class=\"alignnone size-medium wp-image-5583\" src=\"http:\/\/blog.liesdoch.de\/wp-content\/uploads\/2018\/02\/47730559z-195x300.jpg\" alt=\"\" width=\"195\" height=\"300\" srcset=\"https:\/\/blog.liesdoch.de\/wp-content\/uploads\/2018\/02\/47730559z-195x300.jpg 195w, https:\/\/blog.liesdoch.de\/wp-content\/uploads\/2018\/02\/47730559z.jpg 308w\" sizes=\"auto, (max-width: 195px) 100vw, 195px\" \/><\/a><\/p>\n<p>&nbsp;<\/p>\n<p>Norbert Frei, 1968. Jugendrevolte und globaler Protest, DTV 2017, ISBN 978-3-423-34920-8<\/p>\n<p>&nbsp;<\/p>\n<p>Unter den zahlreichen B\u00fcchern, die in diesem Fr\u00fchjahr, 50 Jahre nach den Ereignissen von 1968, auf dem deutschen Buchmarkt erscheinen, ragt das vorliegende Buch des renommierten Zeithistorikers Norbert Frei auf unterschiedliche Weise heraus. Zum einen ist es ein Buch, das geschrieben wurde von einem Geschichtswissenschaftler, der, 1955 geboren, an den damaligen Ereignissen nicht pers\u00f6nlich beteiligt war. Schon von daher hat er, anders als etwa G\u00f6tz Aly, Peter Schneider, Gerd Koenen oder Wolfgang Kraushaar, die allesamt mit zum Teil umfangreichen B\u00fcchern ebenfalls in den letzten Wochen auf dem Buchmarkt erschienen sind, nicht das Problem, zu erkl\u00e4ren, wie er aus heutiger Sicht bestimmte, nach 50 Jahren teilweise totalit\u00e4r anmutende Erscheinungsformen der &#8222;Bewegung&#8220; sieht, und vor allen Dingen seine eigenen Reden und Haltungen damals zu rechtfertigen oder sich von ihnen zu distanzieren.<\/p>\n<p>Zum anderen geht es Norbert Frei darum zu zeigen, dass es eine weltweite Entwicklung gewesen ist, die um das Jahr 1968 herum nicht nur jungen Menschen und vor allen Dingen nicht nur Studenten bewegte. Er beschreibt die Anf\u00e4nge in den USA und widmet sich dann unter der \u00dcberschrift &#8222;Ein deutscher Sonderweg ?&#8220; der Entwicklung in Deutschland. In diesem Kapitel ist besonders der Abschnitt &#8222;Kinder der Verdr\u00e4ngung: Die Geburt einer Generation aus dem Geist der NS-Kritik&#8220; lesenswert, in der der ausgewiesene NS-Forscher Frei beschreibt, mit welchen aus heutiger Sicht teilweise abstrusen Thesen damals operiert wurde. Vor allen Dingen ist dieses Kapitel wichtig, wenn man sich mit den Thesen G\u00f6tz Alys auseinandersetzen will, der in seinem Buch &#8222;Unser Kampf&#8220; geistige Verbindungen zwischen 1933 und 1968 zieht.<\/p>\n<p>Weitere Kapitel befassen sich mit der Entwicklung des Protestes in anderen westlichen L\u00e4ndern, wie Japan und den Niederlanden zum Beispiel und auch mit der Entwicklung im Osten. Denn schon hier werden die ersten Samenk\u00f6rner gelegt f\u00fcr einen Prozess, der 1989 seinen nur vorl\u00e4ufigen Abschluss fand.<\/p>\n<p>&#8222;1968 war nicht das Jahr, das alles ver\u00e4ndert hat, dazu war bereits zu viel im Gang. Aber nach &#8217;68&#8216; war fast nichts mehr wie vorher. Und in diesem Sinne war &#8217;68&#8216; \u00fcberall&#8220;.<\/p>\n<p>Mit diesen S\u00e4tzen beschlie\u00dft der Autor ein Buch, das besonders den jungen Lesern empfohlen werden kann und allen, die an den fortgesetzten ideologischen Auseinandersetzungen und den Vorw\u00fcrfen und Rechtfertigungen, die die anderen erw\u00e4hnten B\u00fccher doch teilweise dominieren, kein Interesse haben, sondern sich einfach informieren wollen, wie es dazu kam, dass sie so leben und so leben k\u00f6nnen wie sie es heute tun.<br \/>\nEin sehr empfehlenswertes Geschichtsbuch, \u00fcbersichtlich, leicht verst\u00e4ndlich und dennoch mit einem ausf\u00fchrlichen weiterf\u00fchrenden Apparat ausgestattet. Hier liegt es, 10 Jahre nach seinem ersten Erscheinen, in einer aktualisierten und erweiterten<\/p>\n","protected":false},"excerpt":{"rendered":"<p>&nbsp; &nbsp; &nbsp; &nbsp; Norbert Frei, 1968. Jugendrevolte und globaler Protest, DTV 2017, ISBN 978-3-423-34920-8 &nbsp; Unter den zahlreichen B\u00fcchern, die in diesem Fr\u00fchjahr, 50 Jahre nach den Ereignissen von 1968, auf dem deutschen Buchmarkt erscheinen, ragt das vorliegende Buch des renommierten Zeithistorikers Norbert Frei auf unterschiedliche Weise heraus. Zum einen ist es ein Buch, &hellip; <a href=\"https:\/\/blog.liesdoch.de\/?p=5582\" class=\"more-link\"><span class=\"screen-reader-text\">1968. Jugendrevolte und globaler Protest<\/span> weiterlesen <span class=\"meta-nav\">&rarr;<\/span><\/a><\/p>\n","protected":false},"author":6,"featured_media":0,"comment_status":"closed","ping_status":"open","sticky":false,"template":"","format":"standard","meta":{"footnotes":""},"categories":[1],"tags":[],"class_list":["post-5582","post","type-post","status-publish","format-standard","hentry","category-allgemein"],"_links":{"self":[{"href":"https:\/\/blog.liesdoch.de\/index.php?rest_route=\/wp\/v2\/posts\/5582","targetHints":{"allow":["GET"]}}],"collection":[{"href":"https:\/\/blog.liesdoch.de\/index.php?rest_route=\/wp\/v2\/posts"}],"about":[{"href":"https:\/\/blog.liesdoch.de\/index.php?rest_route=\/wp\/v2\/types\/post"}],"author":[{"embeddable":true,"href":"https:\/\/blog.liesdoch.de\/index.php?rest_route=\/wp\/v2\/users\/6"}],"replies":[{"embeddable":true,"href":"https:\/\/blog.liesdoch.de\/index.php?rest_route=%2Fwp%2Fv2%2Fcomments&post=5582"}],"version-history":[{"count":1,"href":"https:\/\/blog.liesdoch.de\/index.php?rest_route=\/wp\/v2\/posts\/5582\/revisions"}],"predecessor-version":[{"id":5584,"href":"https:\/\/blog.liesdoch.de\/index.php?rest_route=\/wp\/v2\/posts\/5582\/revisions\/5584"}],"wp:attachment":[{"href":"https:\/\/blog.liesdoch.de\/index.php?rest_route=%2Fwp%2Fv2%2Fmedia&parent=5582"}],"wp:term":[{"taxonomy":"category","embeddable":true,"href":"https:\/\/blog.liesdoch.de\/index.php?rest_route=%2Fwp%2Fv2%2Fcategories&post=5582"},{"taxonomy":"post_tag","embeddable":true,"href":"https:\/\/blog.liesdoch.de\/index.php?rest_route=%2Fwp%2Fv2%2Ftags&post=5582"}],"curies":[{"name":"wp","href":"https:\/\/api.w.org\/{rel}","templated":true}]}}