{"id":5644,"date":"2018-04-09T12:31:42","date_gmt":"2018-04-09T10:31:42","guid":{"rendered":"http:\/\/blog.liesdoch.de\/?p=5644"},"modified":"2018-04-09T12:31:42","modified_gmt":"2018-04-09T10:31:42","slug":"religion-als-sprengstoff","status":"publish","type":"post","link":"https:\/\/blog.liesdoch.de\/?p=5644","title":{"rendered":"Religion als Sprengstoff"},"content":{"rendered":"<p>&nbsp;<\/p>\n<p>&nbsp;<\/p>\n<p><a href=\"http:\/\/blog.liesdoch.de\/wp-content\/uploads\/2018\/04\/50290890z.jpg\"><img loading=\"lazy\" decoding=\"async\" class=\"alignnone size-medium wp-image-5645\" src=\"http:\/\/blog.liesdoch.de\/wp-content\/uploads\/2018\/04\/50290890z-200x300.jpg\" alt=\"\" width=\"200\" height=\"300\" srcset=\"https:\/\/blog.liesdoch.de\/wp-content\/uploads\/2018\/04\/50290890z-200x300.jpg 200w, https:\/\/blog.liesdoch.de\/wp-content\/uploads\/2018\/04\/50290890z.jpg 317w\" sizes=\"auto, (max-width: 200px) 100vw, 200px\" \/><\/a><\/p>\n<p>&nbsp;<\/p>\n<p>Melanie Wolfers, Andreas Knapp, Religion als Sprengstoff, Bene Verlag 2018, ISBN 978-3-960340-004-9<\/p>\n<p>&nbsp;<\/p>\n<p>Geh\u00f6rt der Islam nun zu Deutschland oder nicht? Eine 2010 vom damaligen Bundespr\u00e4sidenten Christian Wulff ausgel\u00f6ste h\u00f6chst kontroverse innergesellschaftliche Debatte hat in den letzten Tagen und Wochen, kaum dass die neue Regierung im Amt war, eine neue Renaissance erfahren, deren Ende noch lange nicht abzusehen ist. Viele Politiker und Medien haben der Verneinung dieser Frage durch Horst Seehofer und anderen zum Teil heftig widersprochen, w\u00e4hrend seri\u00f6se Umfrage zeigen das \u00fcber 70% der Bev\u00f6lkerung ihr zustimmen. Ob sich hier wohl das Ph\u00e4nomen wiederholt, das wir aus dem Jahr 2015 kennen, als alle Bedenken der B\u00fcrger \u00fcber die hohe Zahl vor allem junger m\u00e4nnlicher und muslimischer Fl\u00fcchtlingen sofort in einer selten zuvor gekannten Einigkeit der Medien in die rechte Ecke gestellt wurden?<\/p>\n<p>&nbsp;<\/p>\n<p>Tatsache ist, Fl\u00fcchtlinge hin oder her, dass Menschen muslimischen Glaubens, die diesen auch praktizieren, auf Dauer in unserer Gesellschaft leben werden. Unsere tolerante Gesellschaft tr\u00e4gt auch dieser religi\u00f6sen Tradition durchaus Rechnung. Zugleich aber stellt sich immer mehr die Frage nach den Grenzen dieser Toleranz.<\/p>\n<p>&nbsp;<\/p>\n<p>Das vorliegende Buch der beiden Theologen Melanie Wolfers (ev.) und Andreas Knapp (kath.) greift mitten in einer Epoche, in der in der westlichen der Pr\u00e4gekraft der christlichen Religion kaum noch etwas zugetraut wird und die sich dennoch angesichts der wachsenden muslimischen Bev\u00f6lkerung und der sie leitenden Kultur vor gro\u00dfen Herausforderungen sieht, diese Fragen auf.<\/p>\n<p>&nbsp;<\/p>\n<p>Es richtet sich an Menschen, die angesichts der oben beschriebenen aktuellen Herausforderungen sich mit dem Islam, aber auch mit den eigenen geschichtlichen und religi\u00f6sen Wurzeln auseinandersetzen wollen. Und es richtet sich an Christen, die vor dem Hintergrund des oft beschworenen Dialogs der Religionen ihren eigenen Glauben und dessen pers\u00f6nliche und gesellschaftliche Bedeutung besser verstehen wollen.<\/p>\n<p>&nbsp;<\/p>\n<p>Indem sie diesen Lesern auf eine sehr verst\u00e4ndliche Weise ein Basiswissen \u00fcber die beiden Glaubenstraditionen und ihre jeweilige Kultur\u00a0 vermitteln, leisten sie einen wichtigen und n\u00f6tigen Beitrag f\u00fcr ein tieferes Verst\u00e4ndnis des jeweils anderen.<\/p>\n<p>&nbsp;<\/p>\n<p>F\u00fcr den vielbeschworenen interreligi\u00f6sen Dialog, der kaum schon irgendwo wirklich begonnen hat, weil gro\u00dfe Unsicherheit dar\u00fcber besteht, wie er angelegt sein soll, leisten Melanie Wolfers und Andreas Knapp mit ihrem Buch einen wichtigen, unverzichtbaren Beitrag.<\/p>\n<p>&nbsp;<\/p>\n<p>&nbsp;<\/p>\n<p>&nbsp;<\/p>\n","protected":false},"excerpt":{"rendered":"<p>&nbsp; &nbsp; &nbsp; Melanie Wolfers, Andreas Knapp, Religion als Sprengstoff, Bene Verlag 2018, ISBN 978-3-960340-004-9 &nbsp; Geh\u00f6rt der Islam nun zu Deutschland oder nicht? Eine 2010 vom damaligen Bundespr\u00e4sidenten Christian Wulff ausgel\u00f6ste h\u00f6chst kontroverse innergesellschaftliche Debatte hat in den letzten Tagen und Wochen, kaum dass die neue Regierung im Amt war, eine neue Renaissance erfahren, &hellip; <a href=\"https:\/\/blog.liesdoch.de\/?p=5644\" class=\"more-link\"><span class=\"screen-reader-text\">Religion als Sprengstoff<\/span> weiterlesen <span class=\"meta-nav\">&rarr;<\/span><\/a><\/p>\n","protected":false},"author":6,"featured_media":0,"comment_status":"closed","ping_status":"open","sticky":false,"template":"","format":"standard","meta":{"footnotes":""},"categories":[1],"tags":[],"class_list":["post-5644","post","type-post","status-publish","format-standard","hentry","category-allgemein"],"_links":{"self":[{"href":"https:\/\/blog.liesdoch.de\/index.php?rest_route=\/wp\/v2\/posts\/5644","targetHints":{"allow":["GET"]}}],"collection":[{"href":"https:\/\/blog.liesdoch.de\/index.php?rest_route=\/wp\/v2\/posts"}],"about":[{"href":"https:\/\/blog.liesdoch.de\/index.php?rest_route=\/wp\/v2\/types\/post"}],"author":[{"embeddable":true,"href":"https:\/\/blog.liesdoch.de\/index.php?rest_route=\/wp\/v2\/users\/6"}],"replies":[{"embeddable":true,"href":"https:\/\/blog.liesdoch.de\/index.php?rest_route=%2Fwp%2Fv2%2Fcomments&post=5644"}],"version-history":[{"count":1,"href":"https:\/\/blog.liesdoch.de\/index.php?rest_route=\/wp\/v2\/posts\/5644\/revisions"}],"predecessor-version":[{"id":5646,"href":"https:\/\/blog.liesdoch.de\/index.php?rest_route=\/wp\/v2\/posts\/5644\/revisions\/5646"}],"wp:attachment":[{"href":"https:\/\/blog.liesdoch.de\/index.php?rest_route=%2Fwp%2Fv2%2Fmedia&parent=5644"}],"wp:term":[{"taxonomy":"category","embeddable":true,"href":"https:\/\/blog.liesdoch.de\/index.php?rest_route=%2Fwp%2Fv2%2Fcategories&post=5644"},{"taxonomy":"post_tag","embeddable":true,"href":"https:\/\/blog.liesdoch.de\/index.php?rest_route=%2Fwp%2Fv2%2Ftags&post=5644"}],"curies":[{"name":"wp","href":"https:\/\/api.w.org\/{rel}","templated":true}]}}