{"id":5654,"date":"2018-04-10T11:17:18","date_gmt":"2018-04-10T09:17:18","guid":{"rendered":"http:\/\/blog.liesdoch.de\/?p=5654"},"modified":"2018-04-10T11:17:18","modified_gmt":"2018-04-10T09:17:18","slug":"wieso-weshalb-warum-wir-schuetzen-unsere-umwelt","status":"publish","type":"post","link":"https:\/\/blog.liesdoch.de\/?p=5654","title":{"rendered":"Wieso.Weshalb.Warum. Wir sch\u00fctzen unsere Umwelt"},"content":{"rendered":"<p>&nbsp;<\/p>\n<p>&nbsp;<\/p>\n<p>&nbsp;<\/p>\n<p><a href=\"http:\/\/blog.liesdoch.de\/wp-content\/uploads\/2018\/04\/49037196z.jpg\"><img loading=\"lazy\" decoding=\"async\" class=\"alignnone size-medium wp-image-5655\" src=\"http:\/\/blog.liesdoch.de\/wp-content\/uploads\/2018\/04\/49037196z-256x300.jpg\" alt=\"\" width=\"256\" height=\"300\" srcset=\"https:\/\/blog.liesdoch.de\/wp-content\/uploads\/2018\/04\/49037196z-256x300.jpg 256w, https:\/\/blog.liesdoch.de\/wp-content\/uploads\/2018\/04\/49037196z.jpg 406w\" sizes=\"auto, (max-width: 256px) 100vw, 256px\" \/><\/a><\/p>\n<p>&nbsp;<\/p>\n<p>&nbsp;<\/p>\n<p>Carola von\u00a0 Kessel, Wieso.Weshalb.Warum. Wir sch\u00fctzen unsere Umwelt, Ravensburger Verlag 2018, ISBN 978-3-473-32685-3<\/p>\n<p>Dieses Buch aus der durchweg empfehlenswerten Sachbuchreihe Wieso? Weshalb? Warum? f\u00fcr Kinder von vier bis sieben Jahren aus dem Ravensburger Verlag gibt auf insgesamt acht Doppelseiten mit vielen Klappen, die Einblicke erm\u00f6glichen und\u00a0 Bewegungen und Abl\u00e4ufe veranschaulichen, eine Einf\u00fchrung in das auch schon kleine Kinder bewegende Thema, was sie selbst dazu beitragen k\u00f6nnen, dass ihre Umwelt gesch\u00fctzt wird und viele Fragen beantwortet, warum die Umwelt unsere Schutz und unsere F\u00fcrsprache braucht, weshalb W\u00e4lder und Meere f\u00fcr den Planten so wichtig sind, welche Bedeutung das Waser hat, wie man Energie so erzeugt, dass die Luft nicht belastet wird,\u00a0 was Tiere bedroht und etwas sie zum \u00dcberleben brauche, wie wir mit unserem Abfall umgehen k\u00f6nnen und vieles mehr.<\/p>\n<p>Ein Sachbilderbuch f\u00fcr Kinder zwischen vier und sieben Jahren, dem es sehr gut gelungen ist, die Vielfalt des Themas altersgerecht darzustellen, das mit vielen Klappen zum Entdecken und Weiterfragen einl\u00e4dt.<\/p>\n<p>&nbsp;<\/p>\n<p>&nbsp;<\/p>\n","protected":false},"excerpt":{"rendered":"<p>&nbsp; &nbsp; &nbsp; &nbsp; &nbsp; Carola von\u00a0 Kessel, Wieso.Weshalb.Warum. Wir sch\u00fctzen unsere Umwelt, Ravensburger Verlag 2018, ISBN 978-3-473-32685-3 Dieses Buch aus der durchweg empfehlenswerten Sachbuchreihe Wieso? Weshalb? Warum? f\u00fcr Kinder von vier bis sieben Jahren aus dem Ravensburger Verlag gibt auf insgesamt acht Doppelseiten mit vielen Klappen, die Einblicke erm\u00f6glichen und\u00a0 Bewegungen und Abl\u00e4ufe veranschaulichen, &hellip; <a href=\"https:\/\/blog.liesdoch.de\/?p=5654\" class=\"more-link\"><span class=\"screen-reader-text\">Wieso.Weshalb.Warum. Wir sch\u00fctzen unsere Umwelt<\/span> weiterlesen <span class=\"meta-nav\">&rarr;<\/span><\/a><\/p>\n","protected":false},"author":6,"featured_media":0,"comment_status":"closed","ping_status":"open","sticky":false,"template":"","format":"standard","meta":{"footnotes":""},"categories":[1],"tags":[],"class_list":["post-5654","post","type-post","status-publish","format-standard","hentry","category-allgemein"],"_links":{"self":[{"href":"https:\/\/blog.liesdoch.de\/index.php?rest_route=\/wp\/v2\/posts\/5654","targetHints":{"allow":["GET"]}}],"collection":[{"href":"https:\/\/blog.liesdoch.de\/index.php?rest_route=\/wp\/v2\/posts"}],"about":[{"href":"https:\/\/blog.liesdoch.de\/index.php?rest_route=\/wp\/v2\/types\/post"}],"author":[{"embeddable":true,"href":"https:\/\/blog.liesdoch.de\/index.php?rest_route=\/wp\/v2\/users\/6"}],"replies":[{"embeddable":true,"href":"https:\/\/blog.liesdoch.de\/index.php?rest_route=%2Fwp%2Fv2%2Fcomments&post=5654"}],"version-history":[{"count":1,"href":"https:\/\/blog.liesdoch.de\/index.php?rest_route=\/wp\/v2\/posts\/5654\/revisions"}],"predecessor-version":[{"id":5656,"href":"https:\/\/blog.liesdoch.de\/index.php?rest_route=\/wp\/v2\/posts\/5654\/revisions\/5656"}],"wp:attachment":[{"href":"https:\/\/blog.liesdoch.de\/index.php?rest_route=%2Fwp%2Fv2%2Fmedia&parent=5654"}],"wp:term":[{"taxonomy":"category","embeddable":true,"href":"https:\/\/blog.liesdoch.de\/index.php?rest_route=%2Fwp%2Fv2%2Fcategories&post=5654"},{"taxonomy":"post_tag","embeddable":true,"href":"https:\/\/blog.liesdoch.de\/index.php?rest_route=%2Fwp%2Fv2%2Ftags&post=5654"}],"curies":[{"name":"wp","href":"https:\/\/api.w.org\/{rel}","templated":true}]}}