{"id":5687,"date":"2018-04-18T09:44:06","date_gmt":"2018-04-18T07:44:06","guid":{"rendered":"http:\/\/blog.liesdoch.de\/?p=5687"},"modified":"2018-04-18T09:44:06","modified_gmt":"2018-04-18T07:44:06","slug":"die-heimkehr-der-farben","status":"publish","type":"post","link":"https:\/\/blog.liesdoch.de\/?p=5687","title":{"rendered":"Die Heimkehr der Farben"},"content":{"rendered":"<p>&nbsp;<\/p>\n<p>&nbsp;<\/p>\n<p>&nbsp;<\/p>\n<p><a href=\"http:\/\/blog.liesdoch.de\/wp-content\/uploads\/2018\/04\/49734454z.jpg\"><img loading=\"lazy\" decoding=\"async\" class=\"alignnone size-medium wp-image-5688\" src=\"http:\/\/blog.liesdoch.de\/wp-content\/uploads\/2018\/04\/49734454z-300x300.jpg\" alt=\"\" width=\"300\" height=\"300\" srcset=\"https:\/\/blog.liesdoch.de\/wp-content\/uploads\/2018\/04\/49734454z-300x300.jpg 300w, https:\/\/blog.liesdoch.de\/wp-content\/uploads\/2018\/04\/49734454z-150x150.jpg 150w, https:\/\/blog.liesdoch.de\/wp-content\/uploads\/2018\/04\/49734454z.jpg 475w\" sizes=\"auto, (max-width: 300px) 100vw, 300px\" \/><\/a><\/p>\n<p>&nbsp;<\/p>\n<p>Oliver Jeffers, Drew Daywalt, Die Heimkehr der Farben, Nord S\u00fcd Verlag 2018, ISBN 978-3-314-10436-7<\/p>\n<p>&nbsp;<\/p>\n<p>Duncan ist ein Junge, der f\u00fcr sein Leben gerne mit seinen Farbstiften malt. Schon lange tut er das und hat im Laufe der Jahre schon etliche K\u00e4sten mit Stuften gehabt. Aber viele davon sind verloren gegangen, haben sich aus dem Staub gemacht. Entweder hat sie Duncan verloren, vergessen an unterschiedlichen Orten, an denen er war, oder sie sind zwischen Sofakissen gerutscht und entzwei gebrochen.<\/p>\n<p>&nbsp;<\/p>\n<p>Nun sitzt er mit einem neuen Satz Stiften zuhause und malt, als ein dicker Stapel mit Postkarten ins Haus kommt, die alle an ihn adressiert sind: \u201eDuncan, Duncans Zimmer, im 1. Stock\u201c.<\/p>\n<p>&nbsp;<\/p>\n<p>Aus der ganzen Welt schrieben ihm seine fr\u00fcheren Stifte, erinnern ihn\u00a0 daran, was sie in welchen Situationen zusammen gemalt haben und w\u00fcnschen sich alle wieder nach Hause zu kommen.<\/p>\n<p>&nbsp;<\/p>\n<p>Duncan wird ganz traurig und sammelt die defekten Stifte, die er finden kann auf die Schnelle ein, aber sie passen nicht mehr in die Farbschachtel. Da baut er ihnen aus Pappe ein eigenes Haus in dem die Farben sich offenbar sehr wohl f\u00fchlen.<\/p>\n<p>&nbsp;<\/p>\n<p>Ein neues, recht eigenwilliges Werk des bekannten Illustrators Oliver Jeffers. Eine sch\u00f6ne Fortsetzung von \u201eDer Streik der Farben\u201c aus dem Jahr 2016, das ebenfalls bei Nord S\u00fcd erschienen ist.<\/p>\n","protected":false},"excerpt":{"rendered":"<p>&nbsp; &nbsp; &nbsp; &nbsp; Oliver Jeffers, Drew Daywalt, Die Heimkehr der Farben, Nord S\u00fcd Verlag 2018, ISBN 978-3-314-10436-7 &nbsp; Duncan ist ein Junge, der f\u00fcr sein Leben gerne mit seinen Farbstiften malt. Schon lange tut er das und hat im Laufe der Jahre schon etliche K\u00e4sten mit Stuften gehabt. Aber viele davon sind verloren gegangen, &hellip; <a href=\"https:\/\/blog.liesdoch.de\/?p=5687\" class=\"more-link\"><span class=\"screen-reader-text\">Die Heimkehr der Farben<\/span> weiterlesen <span class=\"meta-nav\">&rarr;<\/span><\/a><\/p>\n","protected":false},"author":6,"featured_media":0,"comment_status":"closed","ping_status":"open","sticky":false,"template":"","format":"standard","meta":{"footnotes":""},"categories":[1],"tags":[],"class_list":["post-5687","post","type-post","status-publish","format-standard","hentry","category-allgemein"],"_links":{"self":[{"href":"https:\/\/blog.liesdoch.de\/index.php?rest_route=\/wp\/v2\/posts\/5687","targetHints":{"allow":["GET"]}}],"collection":[{"href":"https:\/\/blog.liesdoch.de\/index.php?rest_route=\/wp\/v2\/posts"}],"about":[{"href":"https:\/\/blog.liesdoch.de\/index.php?rest_route=\/wp\/v2\/types\/post"}],"author":[{"embeddable":true,"href":"https:\/\/blog.liesdoch.de\/index.php?rest_route=\/wp\/v2\/users\/6"}],"replies":[{"embeddable":true,"href":"https:\/\/blog.liesdoch.de\/index.php?rest_route=%2Fwp%2Fv2%2Fcomments&post=5687"}],"version-history":[{"count":1,"href":"https:\/\/blog.liesdoch.de\/index.php?rest_route=\/wp\/v2\/posts\/5687\/revisions"}],"predecessor-version":[{"id":5689,"href":"https:\/\/blog.liesdoch.de\/index.php?rest_route=\/wp\/v2\/posts\/5687\/revisions\/5689"}],"wp:attachment":[{"href":"https:\/\/blog.liesdoch.de\/index.php?rest_route=%2Fwp%2Fv2%2Fmedia&parent=5687"}],"wp:term":[{"taxonomy":"category","embeddable":true,"href":"https:\/\/blog.liesdoch.de\/index.php?rest_route=%2Fwp%2Fv2%2Fcategories&post=5687"},{"taxonomy":"post_tag","embeddable":true,"href":"https:\/\/blog.liesdoch.de\/index.php?rest_route=%2Fwp%2Fv2%2Ftags&post=5687"}],"curies":[{"name":"wp","href":"https:\/\/api.w.org\/{rel}","templated":true}]}}