{"id":5690,"date":"2018-04-18T09:44:44","date_gmt":"2018-04-18T07:44:44","guid":{"rendered":"http:\/\/blog.liesdoch.de\/?p=5690"},"modified":"2018-04-18T09:44:44","modified_gmt":"2018-04-18T07:44:44","slug":"einsamkeit-die-unerkannte-krankheit","status":"publish","type":"post","link":"https:\/\/blog.liesdoch.de\/?p=5690","title":{"rendered":"Einsamkeit. Die unerkannte Krankheit"},"content":{"rendered":"<p>&nbsp;<\/p>\n<p><a href=\"http:\/\/blog.liesdoch.de\/wp-content\/uploads\/2018\/04\/49934997z.jpg\"><img loading=\"lazy\" decoding=\"async\" class=\"alignnone size-medium wp-image-5691\" src=\"http:\/\/blog.liesdoch.de\/wp-content\/uploads\/2018\/04\/49934997z-195x300.jpg\" alt=\"\" width=\"195\" height=\"300\" srcset=\"https:\/\/blog.liesdoch.de\/wp-content\/uploads\/2018\/04\/49934997z-195x300.jpg 195w, https:\/\/blog.liesdoch.de\/wp-content\/uploads\/2018\/04\/49934997z.jpg 309w\" sizes=\"auto, (max-width: 195px) 100vw, 195px\" \/><\/a><\/p>\n<p>Manfred Spitzer, Einsamkeit. Die unerkannte Krankheit, Droemer 2018, ISBN 978-3-426-27676-1<\/p>\n<p>&nbsp;<\/p>\n<p>Die Zahl der Einpersonenhaushalte in unserem Land steigt j\u00e4hrlich schon seit langer Zeit. Was die Menschen in ihren jungen Jahren vielleicht als Ausdruck von Freiheit wertsch\u00e4tzen, wird f\u00fcr manche schon nach den ersten drei oder vier Lebensjahrzehnten zu einem gro\u00dfen\u00a0 Problem. Sie sehnen sich nach einem Menschen, mit dem sie ihr Leben teilen k\u00f6nnen, aber hohe Anspr\u00fcche und eine Haltung, die immer noch damit rechnet, das etwas Besseres nachkommt, verhindert das oft.<\/p>\n<p>&nbsp;<\/p>\n<p>Dazu kommen \u2013 auch immer mehr- Menschen, die oft nach jahrzehntelanger Ehe oder Partnerschaft diese verlassen und von nun an alleine leben. Auch hier schleicht sich in die lange ersehnte Freiheit nicht selten bald etwas ein, das schon die Alten als \u201eEinsamkeit\u201c bezeichneten.<\/p>\n<p>&nbsp;<\/p>\n<p>Nach seiner These \u00fcber den Zusammenhang vom Missbrauch digitaler Medien und geistiger Demenz hat sich der Neurologe Manfred Spitzer nun dieser Einsamkeit als gesellschaftlichem und medizinischem Ph\u00e4nomen in einem Buch zugewandt. Er identifiziert Einsamkeit- vielleicht etwas rei\u00dferisch \u2013 als eine \u201eunerkannte Krankheit\u201c die schwerwiegenden Folgen hat.<\/p>\n<p>&nbsp;<\/p>\n<p>Denn es ist erwiesen in vielen Studien, dass Menschen, die einsam sind, viel h\u00e4ufiger als andere erkranken an Krebs, Herzinfarkt, Schlaganfall, Depressionen und Demenz.<\/p>\n<p>&nbsp;<\/p>\n<p>Manfred Spitzer beschreibt in seinem neuen Buch erstmals, warum Einsamkeit ein Krankheitsverursacher ist, wie krankmachende Einsamkeit und soziale Isolation aussehen und welch gravierenden Einfluss das auf die Gesundheit, auf K\u00f6rper und Seele der Betroffenen hat. Der streitbare Psychiater will damit eine Gesellschaft aufr\u00fctteln, die Einsamkeit immer noch als erstrebenswertes Wellnessangebot f\u00fcr gestresste Zeitgenossen betrachtet.<\/p>\n<p>&nbsp;<\/p>\n<p>&nbsp;<\/p>\n<p>&nbsp;<\/p>\n<p>&nbsp;<\/p>\n","protected":false},"excerpt":{"rendered":"<p>&nbsp; Manfred Spitzer, Einsamkeit. Die unerkannte Krankheit, Droemer 2018, ISBN 978-3-426-27676-1 &nbsp; Die Zahl der Einpersonenhaushalte in unserem Land steigt j\u00e4hrlich schon seit langer Zeit. Was die Menschen in ihren jungen Jahren vielleicht als Ausdruck von Freiheit wertsch\u00e4tzen, wird f\u00fcr manche schon nach den ersten drei oder vier Lebensjahrzehnten zu einem gro\u00dfen\u00a0 Problem. Sie sehnen &hellip; <a href=\"https:\/\/blog.liesdoch.de\/?p=5690\" class=\"more-link\"><span class=\"screen-reader-text\">Einsamkeit. Die unerkannte Krankheit<\/span> weiterlesen <span class=\"meta-nav\">&rarr;<\/span><\/a><\/p>\n","protected":false},"author":6,"featured_media":0,"comment_status":"closed","ping_status":"open","sticky":false,"template":"","format":"standard","meta":{"footnotes":""},"categories":[1],"tags":[],"class_list":["post-5690","post","type-post","status-publish","format-standard","hentry","category-allgemein"],"_links":{"self":[{"href":"https:\/\/blog.liesdoch.de\/index.php?rest_route=\/wp\/v2\/posts\/5690","targetHints":{"allow":["GET"]}}],"collection":[{"href":"https:\/\/blog.liesdoch.de\/index.php?rest_route=\/wp\/v2\/posts"}],"about":[{"href":"https:\/\/blog.liesdoch.de\/index.php?rest_route=\/wp\/v2\/types\/post"}],"author":[{"embeddable":true,"href":"https:\/\/blog.liesdoch.de\/index.php?rest_route=\/wp\/v2\/users\/6"}],"replies":[{"embeddable":true,"href":"https:\/\/blog.liesdoch.de\/index.php?rest_route=%2Fwp%2Fv2%2Fcomments&post=5690"}],"version-history":[{"count":1,"href":"https:\/\/blog.liesdoch.de\/index.php?rest_route=\/wp\/v2\/posts\/5690\/revisions"}],"predecessor-version":[{"id":5692,"href":"https:\/\/blog.liesdoch.de\/index.php?rest_route=\/wp\/v2\/posts\/5690\/revisions\/5692"}],"wp:attachment":[{"href":"https:\/\/blog.liesdoch.de\/index.php?rest_route=%2Fwp%2Fv2%2Fmedia&parent=5690"}],"wp:term":[{"taxonomy":"category","embeddable":true,"href":"https:\/\/blog.liesdoch.de\/index.php?rest_route=%2Fwp%2Fv2%2Fcategories&post=5690"},{"taxonomy":"post_tag","embeddable":true,"href":"https:\/\/blog.liesdoch.de\/index.php?rest_route=%2Fwp%2Fv2%2Ftags&post=5690"}],"curies":[{"name":"wp","href":"https:\/\/api.w.org\/{rel}","templated":true}]}}