{"id":5741,"date":"2018-04-26T11:03:33","date_gmt":"2018-04-26T09:03:33","guid":{"rendered":"http:\/\/blog.liesdoch.de\/?p=5741"},"modified":"2018-04-26T11:03:33","modified_gmt":"2018-04-26T09:03:33","slug":"5741","status":"publish","type":"post","link":"https:\/\/blog.liesdoch.de\/?p=5741","title":{"rendered":""},"content":{"rendered":"<p>&nbsp;<\/p>\n<p>&nbsp;<\/p>\n<p>&nbsp;<\/p>\n<p>&nbsp;<\/p>\n<p>&nbsp;<\/p>\n<p><a href=\"http:\/\/blog.liesdoch.de\/wp-content\/uploads\/2018\/04\/48051178z.jpg\"><img loading=\"lazy\" decoding=\"async\" class=\"alignnone size-medium wp-image-5742\" src=\"http:\/\/blog.liesdoch.de\/wp-content\/uploads\/2018\/04\/48051178z-199x300.jpg\" alt=\"\" width=\"199\" height=\"300\" srcset=\"https:\/\/blog.liesdoch.de\/wp-content\/uploads\/2018\/04\/48051178z-199x300.jpg 199w, https:\/\/blog.liesdoch.de\/wp-content\/uploads\/2018\/04\/48051178z.jpg 279w\" sizes=\"auto, (max-width: 199px) 100vw, 199px\" \/><\/a><\/p>\n<p>Elio Guerriero, Benedikt XVI. Die Biografie, Herder 2018, ISBN 978-3-451-37832-4<\/p>\n<p>&nbsp;<\/p>\n<p>Die hier vorliegende Biografie des italienischen Bestsellerautors Elio Guerriero \u00fcber Benedikt XVI. ist nicht die erste ihrer Art, aber in ihrer Art einzig. Aus einer klaren italienischen Perspektiven heraus geschrieben, vermag sie vielen von mannigfaltigen Vorurteilen dem Theologen Ratzinger gegen\u00fcber gepr\u00e4gten deutschen Leser eine v\u00f6llig neue Perspektive auf sein Leben und vor allen Dingen seine kaum hoch genug einzusch\u00e4tzende theologische Kompetenz und Leistung nahezubringen.<\/p>\n<p>&nbsp;<\/p>\n<p>Die umfangreiche Biografie, die von der Jugend bis zu seiner vorzeitigen Emeritierung im Jahr 2013 alle wesentliche Stationen und theologischen Entwicklungen Josef Ratzingers umfasst, erz\u00e4hlt nicht nur von den H\u00f6hen und Tiefen seines jeweiligen beruflichen Wirkens als theologischer Lehrer und als\u00a0 Erzbischof von M\u00fcnchen und Freising, sondern auch von seinem Alltag, seinen Vorlieben. Schlicht, sie stellt immer wieder den Menschen Ratzinger in den Vordergrund und bringt dem eine besonders bei kritischen Zeitgenossen und Gl\u00e4ubigen umstrittene Amtsperson auf eine Weise nahe, wie man sie bisher vielleicht nur in den B\u00fccher und Gespr\u00e4chen von Peter Seewald gelesen hat.<\/p>\n","protected":false},"excerpt":{"rendered":"<p>&nbsp; &nbsp; &nbsp; &nbsp; &nbsp; Elio Guerriero, Benedikt XVI. Die Biografie, Herder 2018, ISBN 978-3-451-37832-4 &nbsp; Die hier vorliegende Biografie des italienischen Bestsellerautors Elio Guerriero \u00fcber Benedikt XVI. ist nicht die erste ihrer Art, aber in ihrer Art einzig. Aus einer klaren italienischen Perspektiven heraus geschrieben, vermag sie vielen von mannigfaltigen Vorurteilen dem Theologen Ratzinger &hellip; <a href=\"https:\/\/blog.liesdoch.de\/?p=5741\" class=\"more-link\"><span class=\"screen-reader-text\"><\/span> weiterlesen <span class=\"meta-nav\">&rarr;<\/span><\/a><\/p>\n","protected":false},"author":6,"featured_media":0,"comment_status":"closed","ping_status":"open","sticky":false,"template":"","format":"standard","meta":{"footnotes":""},"categories":[1],"tags":[],"class_list":["post-5741","post","type-post","status-publish","format-standard","hentry","category-allgemein"],"_links":{"self":[{"href":"https:\/\/blog.liesdoch.de\/index.php?rest_route=\/wp\/v2\/posts\/5741","targetHints":{"allow":["GET"]}}],"collection":[{"href":"https:\/\/blog.liesdoch.de\/index.php?rest_route=\/wp\/v2\/posts"}],"about":[{"href":"https:\/\/blog.liesdoch.de\/index.php?rest_route=\/wp\/v2\/types\/post"}],"author":[{"embeddable":true,"href":"https:\/\/blog.liesdoch.de\/index.php?rest_route=\/wp\/v2\/users\/6"}],"replies":[{"embeddable":true,"href":"https:\/\/blog.liesdoch.de\/index.php?rest_route=%2Fwp%2Fv2%2Fcomments&post=5741"}],"version-history":[{"count":1,"href":"https:\/\/blog.liesdoch.de\/index.php?rest_route=\/wp\/v2\/posts\/5741\/revisions"}],"predecessor-version":[{"id":5743,"href":"https:\/\/blog.liesdoch.de\/index.php?rest_route=\/wp\/v2\/posts\/5741\/revisions\/5743"}],"wp:attachment":[{"href":"https:\/\/blog.liesdoch.de\/index.php?rest_route=%2Fwp%2Fv2%2Fmedia&parent=5741"}],"wp:term":[{"taxonomy":"category","embeddable":true,"href":"https:\/\/blog.liesdoch.de\/index.php?rest_route=%2Fwp%2Fv2%2Fcategories&post=5741"},{"taxonomy":"post_tag","embeddable":true,"href":"https:\/\/blog.liesdoch.de\/index.php?rest_route=%2Fwp%2Fv2%2Ftags&post=5741"}],"curies":[{"name":"wp","href":"https:\/\/api.w.org\/{rel}","templated":true}]}}