{"id":5756,"date":"2018-04-26T11:07:20","date_gmt":"2018-04-26T09:07:20","guid":{"rendered":"http:\/\/blog.liesdoch.de\/?p=5756"},"modified":"2018-04-26T11:07:20","modified_gmt":"2018-04-26T09:07:20","slug":"weil-ihr-absurde-kriege-fuehrt-dichter-und-philosophen-ueber-den-frieden","status":"publish","type":"post","link":"https:\/\/blog.liesdoch.de\/?p=5756","title":{"rendered":"\u2026weil ihr absurde Kriege f\u00fchrt. Dichter und Philosophen \u00fcber den Frieden"},"content":{"rendered":"<p>&nbsp;<\/p>\n<p><a href=\"http:\/\/blog.liesdoch.de\/wp-content\/uploads\/2018\/04\/47145278z.jpg\"><img loading=\"lazy\" decoding=\"async\" class=\"alignnone size-medium wp-image-5757\" src=\"http:\/\/blog.liesdoch.de\/wp-content\/uploads\/2018\/04\/47145278z-281x300.jpg\" alt=\"\" width=\"281\" height=\"300\" srcset=\"https:\/\/blog.liesdoch.de\/wp-content\/uploads\/2018\/04\/47145278z-281x300.jpg 281w, https:\/\/blog.liesdoch.de\/wp-content\/uploads\/2018\/04\/47145278z.jpg 445w\" sizes=\"auto, (max-width: 281px) 100vw, 281px\" \/><\/a><\/p>\n<p>Olaf Daecke (Hg.) , \u2026weil ihr absurde Kriege f\u00fchrt. Dichter und Philosophen \u00fcber den Frieden, Urachhaus 2017, ISBN 978-3-8251-5124-9<\/p>\n<p>&nbsp;<\/p>\n<p>&nbsp;<\/p>\n<p>Olaf Daecke, der 2016 in einem Band mit dem Titel \u201eAller Tod ist nur Geburt. Dichter und Philosophen \u00fcber Tod und Trauer\u201c eine beeindruckende Sammlung von Gedichten und kurzen Texten vorgelegt hat, hat nun ein Jahr sp\u00e4ter in der gleichen Aufmachung und Ausstattung einen nicht weniger ausdrucksvollen Band mit Worten von Dichtern und Philosophie \u00fcber den Frieden ver\u00f6ffentlicht.<\/p>\n<p>&nbsp;<\/p>\n<p>Diejenigen Menschen, die beruflich oder auch aus privatem Interesse \u00fcber den Frieden und seine Voraussetzungen nachdenken, werden in diesem B\u00fcchlein eine F\u00fclle von Anregungen und Weisheiten finden. Besonders beeindruckend fand ich die Texte \u00fcber den Wunsch nach Frieden in alter Zeit, mit denen das Buch beginnt.<\/p>\n<p>Texte \u00fcber den Frieden in den Religionen, Stimmen gegen den Krieg, Perspektiven des Friedens und Segensspr\u00fcche aus Irland folgen in einem B\u00e4ndchen, das sich sehr gut als kleines Pr\u00e4sent zu vielen Gelegenheiten eignet.<\/p>\n<p>&nbsp;<\/p>\n<p>&nbsp;<\/p>\n","protected":false},"excerpt":{"rendered":"<p>&nbsp; Olaf Daecke (Hg.) , \u2026weil ihr absurde Kriege f\u00fchrt. Dichter und Philosophen \u00fcber den Frieden, Urachhaus 2017, ISBN 978-3-8251-5124-9 &nbsp; &nbsp; Olaf Daecke, der 2016 in einem Band mit dem Titel \u201eAller Tod ist nur Geburt. Dichter und Philosophen \u00fcber Tod und Trauer\u201c eine beeindruckende Sammlung von Gedichten und kurzen Texten vorgelegt hat, hat &hellip; <a href=\"https:\/\/blog.liesdoch.de\/?p=5756\" class=\"more-link\"><span class=\"screen-reader-text\">\u2026weil ihr absurde Kriege f\u00fchrt. Dichter und Philosophen \u00fcber den Frieden<\/span> weiterlesen <span class=\"meta-nav\">&rarr;<\/span><\/a><\/p>\n","protected":false},"author":6,"featured_media":0,"comment_status":"closed","ping_status":"open","sticky":false,"template":"","format":"standard","meta":{"footnotes":""},"categories":[1],"tags":[],"class_list":["post-5756","post","type-post","status-publish","format-standard","hentry","category-allgemein"],"_links":{"self":[{"href":"https:\/\/blog.liesdoch.de\/index.php?rest_route=\/wp\/v2\/posts\/5756","targetHints":{"allow":["GET"]}}],"collection":[{"href":"https:\/\/blog.liesdoch.de\/index.php?rest_route=\/wp\/v2\/posts"}],"about":[{"href":"https:\/\/blog.liesdoch.de\/index.php?rest_route=\/wp\/v2\/types\/post"}],"author":[{"embeddable":true,"href":"https:\/\/blog.liesdoch.de\/index.php?rest_route=\/wp\/v2\/users\/6"}],"replies":[{"embeddable":true,"href":"https:\/\/blog.liesdoch.de\/index.php?rest_route=%2Fwp%2Fv2%2Fcomments&post=5756"}],"version-history":[{"count":1,"href":"https:\/\/blog.liesdoch.de\/index.php?rest_route=\/wp\/v2\/posts\/5756\/revisions"}],"predecessor-version":[{"id":5758,"href":"https:\/\/blog.liesdoch.de\/index.php?rest_route=\/wp\/v2\/posts\/5756\/revisions\/5758"}],"wp:attachment":[{"href":"https:\/\/blog.liesdoch.de\/index.php?rest_route=%2Fwp%2Fv2%2Fmedia&parent=5756"}],"wp:term":[{"taxonomy":"category","embeddable":true,"href":"https:\/\/blog.liesdoch.de\/index.php?rest_route=%2Fwp%2Fv2%2Fcategories&post=5756"},{"taxonomy":"post_tag","embeddable":true,"href":"https:\/\/blog.liesdoch.de\/index.php?rest_route=%2Fwp%2Fv2%2Ftags&post=5756"}],"curies":[{"name":"wp","href":"https:\/\/api.w.org\/{rel}","templated":true}]}}