{"id":5765,"date":"2018-04-26T11:15:02","date_gmt":"2018-04-26T09:15:02","guid":{"rendered":"http:\/\/blog.liesdoch.de\/?p=5765"},"modified":"2018-04-26T11:15:02","modified_gmt":"2018-04-26T09:15:02","slug":"der-wind-in-den-weiden","status":"publish","type":"post","link":"https:\/\/blog.liesdoch.de\/?p=5765","title":{"rendered":"Der Wind in den Weiden"},"content":{"rendered":"<p>&nbsp;<\/p>\n<p>&nbsp;<\/p>\n<p><a href=\"http:\/\/blog.liesdoch.de\/wp-content\/uploads\/2018\/04\/48082283z.jpg\"><img loading=\"lazy\" decoding=\"async\" class=\"alignnone size-medium wp-image-5766\" src=\"http:\/\/blog.liesdoch.de\/wp-content\/uploads\/2018\/04\/48082283z-249x300.jpg\" alt=\"\" width=\"249\" height=\"300\" srcset=\"https:\/\/blog.liesdoch.de\/wp-content\/uploads\/2018\/04\/48082283z-249x300.jpg 249w, https:\/\/blog.liesdoch.de\/wp-content\/uploads\/2018\/04\/48082283z.jpg 394w\" sizes=\"auto, (max-width: 249px) 100vw, 249px\" \/><\/a><\/p>\n<p>Kenneth Grahame, Sebastian Menschenmoser, Der Wind in den Weiden, NordS\u00fcd Verlag 2017, ISBN 978-3-314-10403-9<\/p>\n<p>&nbsp;<\/p>\n<p>Etwa einhundert Jahre als ist dieses Kinderbuch aus England.<br \/>\nNachdem es Elke Heidenreich vor vielen Jahren in ihrer leider dann abgesetzten Sendung &#8222;Lesen!&#8220; empfohlen hatte, war es auch bei uns wieder zu einiger Bekanntheit gelangt. Auch Doris Lessing hat in ihrem autobiographischen Buch &#8222;Alfred und Emily&#8220; in begeisterten Worten \u00fcber die Pr\u00e4gung berichtet, die sie durch dieses Buch erfahren habe.<\/p>\n<p>&#8222;Der Wind in den Weiden&#8220; ist so wie etwa &#8222;Pu der B\u00e4r&#8220; ein Klassiker der englischen Kinderliteratur. Seine Hauptpersonen, vier liebenswerte vierf\u00fc\u00dfige Gentlemen, haben schon Generationen von jungen und \u00e4lteren Leserinnen und Lesern zum Schmunzeln, aber auch zum Nachdenken gebracht &#8211; denn das, was Ratte, Maulwurf, Kr\u00f6terich und Dachs so alles widerf\u00e4hrt, tr\u00e4gt oft sehr menschliche Z\u00fcge. Und dennoch, auch wenn Dachs und Maulwurf in H\u00f6hlen hausen, die mit Mini-Menschenm\u00f6beln ausgestattet sind, entspricht ihr Leben der Natur der Tiere. Sie leben in Freiheit, folgen dem Lauf des Jahres, vernehmen den Ruf der Heimat und sind gl\u00fccklich, wenn sie beides haben: die Sicherheit des angestammten Baus und die unersch\u00fctterliche Treue ihrer Freunde.<br \/>\nEs ist ein Buch \u00fcber die tragende Kraft der Freundschaft, die vieles aushalten kann und schwierige Charaktere, hier ist es der autonarrische und selbstverliebte Kr\u00f6terich, mit Geduld und Ausdauer zum Guten ver\u00e4ndern kann.<\/p>\n<p>&nbsp;<\/p>\n<p>Die hier bei NordS\u00fcd in Z\u00fcrich verlegte Ausgabe besticht nicht nur ihr sch\u00f6nes Schriftbild, sondern auch durch die klassische \u00dcbersetzung von Sybil Gr\u00e4fin Sch\u00f6nfeldt und sehr ansprechenden und erfrischenden Illustrationen von Sebastian Meschenmoser.<\/p>\n<p>&nbsp;<\/p>\n<p>F\u00fcr die erwachsene Lekt\u00fcre ebenso geeignet wie zum Vorlesen f\u00fcr Kinder ab etwa 5 Jahren.<\/p>\n<p>&nbsp;<\/p>\n","protected":false},"excerpt":{"rendered":"<p>&nbsp; &nbsp; Kenneth Grahame, Sebastian Menschenmoser, Der Wind in den Weiden, NordS\u00fcd Verlag 2017, ISBN 978-3-314-10403-9 &nbsp; Etwa einhundert Jahre als ist dieses Kinderbuch aus England. Nachdem es Elke Heidenreich vor vielen Jahren in ihrer leider dann abgesetzten Sendung &#8222;Lesen!&#8220; empfohlen hatte, war es auch bei uns wieder zu einiger Bekanntheit gelangt. Auch Doris Lessing &hellip; <a href=\"https:\/\/blog.liesdoch.de\/?p=5765\" class=\"more-link\"><span class=\"screen-reader-text\">Der Wind in den Weiden<\/span> weiterlesen <span class=\"meta-nav\">&rarr;<\/span><\/a><\/p>\n","protected":false},"author":6,"featured_media":0,"comment_status":"closed","ping_status":"open","sticky":false,"template":"","format":"standard","meta":{"footnotes":""},"categories":[1],"tags":[],"class_list":["post-5765","post","type-post","status-publish","format-standard","hentry","category-allgemein"],"_links":{"self":[{"href":"https:\/\/blog.liesdoch.de\/index.php?rest_route=\/wp\/v2\/posts\/5765","targetHints":{"allow":["GET"]}}],"collection":[{"href":"https:\/\/blog.liesdoch.de\/index.php?rest_route=\/wp\/v2\/posts"}],"about":[{"href":"https:\/\/blog.liesdoch.de\/index.php?rest_route=\/wp\/v2\/types\/post"}],"author":[{"embeddable":true,"href":"https:\/\/blog.liesdoch.de\/index.php?rest_route=\/wp\/v2\/users\/6"}],"replies":[{"embeddable":true,"href":"https:\/\/blog.liesdoch.de\/index.php?rest_route=%2Fwp%2Fv2%2Fcomments&post=5765"}],"version-history":[{"count":1,"href":"https:\/\/blog.liesdoch.de\/index.php?rest_route=\/wp\/v2\/posts\/5765\/revisions"}],"predecessor-version":[{"id":5767,"href":"https:\/\/blog.liesdoch.de\/index.php?rest_route=\/wp\/v2\/posts\/5765\/revisions\/5767"}],"wp:attachment":[{"href":"https:\/\/blog.liesdoch.de\/index.php?rest_route=%2Fwp%2Fv2%2Fmedia&parent=5765"}],"wp:term":[{"taxonomy":"category","embeddable":true,"href":"https:\/\/blog.liesdoch.de\/index.php?rest_route=%2Fwp%2Fv2%2Fcategories&post=5765"},{"taxonomy":"post_tag","embeddable":true,"href":"https:\/\/blog.liesdoch.de\/index.php?rest_route=%2Fwp%2Fv2%2Ftags&post=5765"}],"curies":[{"name":"wp","href":"https:\/\/api.w.org\/{rel}","templated":true}]}}