{"id":5778,"date":"2018-04-26T11:18:02","date_gmt":"2018-04-26T09:18:02","guid":{"rendered":"http:\/\/blog.liesdoch.de\/?p=5778"},"modified":"2018-04-26T11:18:02","modified_gmt":"2018-04-26T09:18:02","slug":"etwas-von-den-wurzelkindern","status":"publish","type":"post","link":"https:\/\/blog.liesdoch.de\/?p=5778","title":{"rendered":"Etwas von den Wurzelkindern"},"content":{"rendered":"<p>&nbsp;<\/p>\n<p><a href=\"http:\/\/blog.liesdoch.de\/wp-content\/uploads\/2018\/04\/29153749z.jpg\"><img loading=\"lazy\" decoding=\"async\" class=\"alignnone size-medium wp-image-5779\" src=\"http:\/\/blog.liesdoch.de\/wp-content\/uploads\/2018\/04\/29153749z-213x300.jpg\" alt=\"\" width=\"213\" height=\"300\" srcset=\"https:\/\/blog.liesdoch.de\/wp-content\/uploads\/2018\/04\/29153749z-213x300.jpg 213w, https:\/\/blog.liesdoch.de\/wp-content\/uploads\/2018\/04\/29153749z.jpg 298w\" sizes=\"auto, (max-width: 213px) 100vw, 213px\" \/><\/a><\/p>\n<p>Susanne von Olfers, Etwas von den Wurzelkindern, Esslinger 2018, ISBN 978-3-.480-23410-3<\/p>\n<p>&nbsp;<\/p>\n<p>1906 ver\u00f6ffentlichte Sibylle von Olfers das Buch \u201eEtwas von den Wurzelkindern\u201c. In diesem Buch leben die Wurzelkinder (wer auch immer sie sein sollen) mit ihrer Mutter Erde unter der Erde bei den Pflanzenwurzeln. Im Fr\u00fchjahr n\u00e4hen sich die Wurzelkinder selber bunte Kleidchen, malen K\u00e4fer an und vertr\u00f6deln den Rest der warmen Jahreszeit in Wald und Flur, bis sie im Herbst wieder unter die Wurzeln verschwinden.<br \/>\nAls Kind hatte ich keinen Kontakt zu diesem Buch. Wahrscheinlich muss man es als Kind lieben, um es als Erwachsener dann auch zu m\u00f6gen und an seine Kinder weiterzugeben. Mir hat\u00a0 sich die Botschaft nicht recht erschlossen. Die Zeichnungen sind nett, typisch Jugendstil eben, die Handlung eher d\u00fcrftig und ziemlich symbolhaft. Wenn die Autorin den Kindern den Lauf der Jahreszeiten mit diesem Buch nahebringen wollte, dann hat sich meiner Meinung nach zu stark abstrahiert. Was machen die Wurzelkinder die warme Jahreszeit \u00fcber? Abh\u00e4ngen und nichts tun? Was ist das f\u00fcr eine Botschaft?<\/p>\n<p>&nbsp;<\/p>\n<p>Das Buch hat w\u00e4hrend der langen Vorlesezeit,\u00a0 als mein Sohn zwischen eins und acht Jahre alt war, zu Recht nicht zu unserem Kanon geh\u00f6rt.<\/p>\n","protected":false},"excerpt":{"rendered":"<p>&nbsp; Susanne von Olfers, Etwas von den Wurzelkindern, Esslinger 2018, ISBN 978-3-.480-23410-3 &nbsp; 1906 ver\u00f6ffentlichte Sibylle von Olfers das Buch \u201eEtwas von den Wurzelkindern\u201c. In diesem Buch leben die Wurzelkinder (wer auch immer sie sein sollen) mit ihrer Mutter Erde unter der Erde bei den Pflanzenwurzeln. Im Fr\u00fchjahr n\u00e4hen sich die Wurzelkinder selber bunte Kleidchen, &hellip; <a href=\"https:\/\/blog.liesdoch.de\/?p=5778\" class=\"more-link\"><span class=\"screen-reader-text\">Etwas von den Wurzelkindern<\/span> weiterlesen <span class=\"meta-nav\">&rarr;<\/span><\/a><\/p>\n","protected":false},"author":6,"featured_media":0,"comment_status":"closed","ping_status":"open","sticky":false,"template":"","format":"standard","meta":{"footnotes":""},"categories":[1],"tags":[],"class_list":["post-5778","post","type-post","status-publish","format-standard","hentry","category-allgemein"],"_links":{"self":[{"href":"https:\/\/blog.liesdoch.de\/index.php?rest_route=\/wp\/v2\/posts\/5778","targetHints":{"allow":["GET"]}}],"collection":[{"href":"https:\/\/blog.liesdoch.de\/index.php?rest_route=\/wp\/v2\/posts"}],"about":[{"href":"https:\/\/blog.liesdoch.de\/index.php?rest_route=\/wp\/v2\/types\/post"}],"author":[{"embeddable":true,"href":"https:\/\/blog.liesdoch.de\/index.php?rest_route=\/wp\/v2\/users\/6"}],"replies":[{"embeddable":true,"href":"https:\/\/blog.liesdoch.de\/index.php?rest_route=%2Fwp%2Fv2%2Fcomments&post=5778"}],"version-history":[{"count":1,"href":"https:\/\/blog.liesdoch.de\/index.php?rest_route=\/wp\/v2\/posts\/5778\/revisions"}],"predecessor-version":[{"id":5780,"href":"https:\/\/blog.liesdoch.de\/index.php?rest_route=\/wp\/v2\/posts\/5778\/revisions\/5780"}],"wp:attachment":[{"href":"https:\/\/blog.liesdoch.de\/index.php?rest_route=%2Fwp%2Fv2%2Fmedia&parent=5778"}],"wp:term":[{"taxonomy":"category","embeddable":true,"href":"https:\/\/blog.liesdoch.de\/index.php?rest_route=%2Fwp%2Fv2%2Fcategories&post=5778"},{"taxonomy":"post_tag","embeddable":true,"href":"https:\/\/blog.liesdoch.de\/index.php?rest_route=%2Fwp%2Fv2%2Ftags&post=5778"}],"curies":[{"name":"wp","href":"https:\/\/api.w.org\/{rel}","templated":true}]}}