{"id":5784,"date":"2018-04-26T11:19:15","date_gmt":"2018-04-26T09:19:15","guid":{"rendered":"http:\/\/blog.liesdoch.de\/?p=5784"},"modified":"2018-04-26T11:19:15","modified_gmt":"2018-04-26T09:19:15","slug":"augen-bauch-und-haende-mein-erstes-koerperbuch","status":"publish","type":"post","link":"https:\/\/blog.liesdoch.de\/?p=5784","title":{"rendered":"Augen, Bauch und H\u00e4nde. Mein erstes K\u00f6rperbuch"},"content":{"rendered":"<p>&nbsp;<\/p>\n<p><a href=\"http:\/\/blog.liesdoch.de\/wp-content\/uploads\/2018\/04\/49035026z.jpg\"><img loading=\"lazy\" decoding=\"async\" class=\"alignnone size-medium wp-image-5785\" src=\"http:\/\/blog.liesdoch.de\/wp-content\/uploads\/2018\/04\/49035026z-300x300.jpg\" alt=\"\" width=\"300\" height=\"300\" srcset=\"https:\/\/blog.liesdoch.de\/wp-content\/uploads\/2018\/04\/49035026z-300x300.jpg 300w, https:\/\/blog.liesdoch.de\/wp-content\/uploads\/2018\/04\/49035026z-150x150.jpg 150w, https:\/\/blog.liesdoch.de\/wp-content\/uploads\/2018\/04\/49035026z.jpg 475w\" sizes=\"auto, (max-width: 300px) 100vw, 300px\" \/><\/a><\/p>\n<p>Regina Schwarz, Augen, Bauch und H\u00e4nde. Mein erstes K\u00f6rperbuch, Ravensburger Verlag 2018, ISBN 978-3-473-31746-2<\/p>\n<p>&nbsp;<\/p>\n<p>Dieses kleine, mit Illustrationen von Susanne Szesny witzig und unterhaltsam bebilderte Buch f\u00fcr kleine Kinder ab dem Alter von etwa 18 Monaten, l\u00e4dt seine kleinen Betrachter auf vielf\u00e4ltige Weise ein, ihren eigenen K\u00f6rper kennenzulernen und die einzelnen K\u00f6rperteile auch zu benennen.<\/p>\n<p>&nbsp;<\/p>\n<p>Kinder m\u00f6gen es, auf Fragen wie \u201eWo ist der Mund?\u201c oder \u201eWo ist der Bauchnabel?\u201c auf die entsprechenden K\u00f6rperstellen zu zeigen und sie freuen sich auch \u00fcber jedes neue Wort, das sie auf diese Weise kennenlernen.<\/p>\n<p>&nbsp;<\/p>\n<p>Die kurzen Texte (wobei die Namen der\u00a0 K\u00f6rperteile gro\u00df und fett gedruckt sind) sind in lustige und sch\u00f6ne Reime gefasst, eine Weise, die besonders dazu geeignet ist, das Sprachverst\u00e4ndnis schon sehr kleiner Kinder zu schulen und zu sch\u00e4rfen.<\/p>\n<p>&nbsp;<\/p>\n<p>Sowie auch alle andere B\u00fccher der Ravensburger Reihe \u201emini steps\u201c f\u00fcr Kinder ab 18 Monaten wunderbar geeignet.<\/p>\n","protected":false},"excerpt":{"rendered":"<p>&nbsp; Regina Schwarz, Augen, Bauch und H\u00e4nde. Mein erstes K\u00f6rperbuch, Ravensburger Verlag 2018, ISBN 978-3-473-31746-2 &nbsp; Dieses kleine, mit Illustrationen von Susanne Szesny witzig und unterhaltsam bebilderte Buch f\u00fcr kleine Kinder ab dem Alter von etwa 18 Monaten, l\u00e4dt seine kleinen Betrachter auf vielf\u00e4ltige Weise ein, ihren eigenen K\u00f6rper kennenzulernen und die einzelnen K\u00f6rperteile auch &hellip; <a href=\"https:\/\/blog.liesdoch.de\/?p=5784\" class=\"more-link\"><span class=\"screen-reader-text\">Augen, Bauch und H\u00e4nde. Mein erstes K\u00f6rperbuch<\/span> weiterlesen <span class=\"meta-nav\">&rarr;<\/span><\/a><\/p>\n","protected":false},"author":6,"featured_media":0,"comment_status":"closed","ping_status":"open","sticky":false,"template":"","format":"standard","meta":{"footnotes":""},"categories":[1],"tags":[],"class_list":["post-5784","post","type-post","status-publish","format-standard","hentry","category-allgemein"],"_links":{"self":[{"href":"https:\/\/blog.liesdoch.de\/index.php?rest_route=\/wp\/v2\/posts\/5784","targetHints":{"allow":["GET"]}}],"collection":[{"href":"https:\/\/blog.liesdoch.de\/index.php?rest_route=\/wp\/v2\/posts"}],"about":[{"href":"https:\/\/blog.liesdoch.de\/index.php?rest_route=\/wp\/v2\/types\/post"}],"author":[{"embeddable":true,"href":"https:\/\/blog.liesdoch.de\/index.php?rest_route=\/wp\/v2\/users\/6"}],"replies":[{"embeddable":true,"href":"https:\/\/blog.liesdoch.de\/index.php?rest_route=%2Fwp%2Fv2%2Fcomments&post=5784"}],"version-history":[{"count":1,"href":"https:\/\/blog.liesdoch.de\/index.php?rest_route=\/wp\/v2\/posts\/5784\/revisions"}],"predecessor-version":[{"id":5786,"href":"https:\/\/blog.liesdoch.de\/index.php?rest_route=\/wp\/v2\/posts\/5784\/revisions\/5786"}],"wp:attachment":[{"href":"https:\/\/blog.liesdoch.de\/index.php?rest_route=%2Fwp%2Fv2%2Fmedia&parent=5784"}],"wp:term":[{"taxonomy":"category","embeddable":true,"href":"https:\/\/blog.liesdoch.de\/index.php?rest_route=%2Fwp%2Fv2%2Fcategories&post=5784"},{"taxonomy":"post_tag","embeddable":true,"href":"https:\/\/blog.liesdoch.de\/index.php?rest_route=%2Fwp%2Fv2%2Ftags&post=5784"}],"curies":[{"name":"wp","href":"https:\/\/api.w.org\/{rel}","templated":true}]}}