{"id":5800,"date":"2018-05-02T09:06:46","date_gmt":"2018-05-02T07:06:46","guid":{"rendered":"http:\/\/blog.liesdoch.de\/?p=5800"},"modified":"2018-05-02T09:06:46","modified_gmt":"2018-05-02T07:06:46","slug":"am-biberteich","status":"publish","type":"post","link":"https:\/\/blog.liesdoch.de\/?p=5800","title":{"rendered":"Am Biberteich"},"content":{"rendered":"<p>&nbsp;<\/p>\n<p>&nbsp;<\/p>\n<p><a href=\"http:\/\/blog.liesdoch.de\/wp-content\/uploads\/2018\/05\/50196983z.jpg\"><img loading=\"lazy\" decoding=\"async\" class=\"alignnone size-medium wp-image-5801\" src=\"http:\/\/blog.liesdoch.de\/wp-content\/uploads\/2018\/05\/50196983z-300x244.jpg\" alt=\"\" width=\"300\" height=\"244\" srcset=\"https:\/\/blog.liesdoch.de\/wp-content\/uploads\/2018\/05\/50196983z-300x244.jpg 300w, https:\/\/blog.liesdoch.de\/wp-content\/uploads\/2018\/05\/50196983z.jpg 475w\" sizes=\"auto, (max-width: 300px) 100vw, 300px\" \/><\/a><\/p>\n<p>Eva Sixt, Am Biberteich, Atlantis 2018, ISBN 978-3-7152-0744-5<\/p>\n<p>Diese wundersch\u00f6ne Sachbilderbuch erinnert ein wenig an die bisher f\u00fcnf B\u00fccher, die Thomas M\u00fcller in den letzten Jahren bei Gerstenberg \u00fcber den Jahreslauf von verschiedenen Vogelarten ver\u00f6ffentlicht hat.<\/p>\n<p>&nbsp;<\/p>\n<p>Nachdem Eva Sixt in ihrem Sachbilderbuch \u201eDas Eichh\u00f6rnchenjahr\u201c im letzten Jahr das Leben der Eichh\u00f6rnchen beschrieben hat, die sie \u00fcber ein ganzes Jahr begleitete und vom Bau des Kobels, \u00fcber die Aufzucht der Jungen, die Nahrungssuche\u00a0 und die nat\u00fcrlichen Feinde in wunderbaren und kindgerechten Bildern erz\u00e4hlte, legt sie nun ein weiteres sehr empfehlenswertes Sachbilderbuch mit dem Titel \u201eAm Biberteich\u201c vor, das nicht nur das Familienleben, die Bauk\u00fcnste, den K\u00f6rperbau und die Schwimmtechnik der Biber beschreibt. Es wird auch durchaus kritisch nachgedacht dar\u00fcber, wie und wo die nach langer Bedrohung durch das Aussterben bedrohten Biber nach ihrer erfolgreichen Wiederansiedlung ein Problem nicht nur f\u00fcr die Bauern darstellen<\/p>\n<p>&nbsp;<\/p>\n<p>Das sch\u00f6ne Sachbilderbuch bietet mit relativ viel Text vielf\u00e4ltige Informationen \u00fcber den Biber seinen Lebensraum und Lebensweise,\u00a0 ihre erfolgreiche Ansiedlung \u00fcberall im Land und die umstrittene Frage, ob es nicht wieder zu viele von ihnen gibt.<\/p>\n<p>&nbsp;<\/p>\n<p>Ein vorbildliches Sachbilderbuch f\u00fcr\u00a0 Kinder im Grundschulalter. Doch auch zum Vorlesen f\u00fcr die Kleineren ist es gut geeignet.<\/p>\n<p>&nbsp;<\/p>\n<p>&nbsp;<\/p>\n","protected":false},"excerpt":{"rendered":"<p>&nbsp; &nbsp; Eva Sixt, Am Biberteich, Atlantis 2018, ISBN 978-3-7152-0744-5 Diese wundersch\u00f6ne Sachbilderbuch erinnert ein wenig an die bisher f\u00fcnf B\u00fccher, die Thomas M\u00fcller in den letzten Jahren bei Gerstenberg \u00fcber den Jahreslauf von verschiedenen Vogelarten ver\u00f6ffentlicht hat. &nbsp; Nachdem Eva Sixt in ihrem Sachbilderbuch \u201eDas Eichh\u00f6rnchenjahr\u201c im letzten Jahr das Leben der Eichh\u00f6rnchen beschrieben &hellip; <a href=\"https:\/\/blog.liesdoch.de\/?p=5800\" class=\"more-link\"><span class=\"screen-reader-text\">Am Biberteich<\/span> weiterlesen <span class=\"meta-nav\">&rarr;<\/span><\/a><\/p>\n","protected":false},"author":6,"featured_media":0,"comment_status":"closed","ping_status":"open","sticky":false,"template":"","format":"standard","meta":{"footnotes":""},"categories":[1],"tags":[],"class_list":["post-5800","post","type-post","status-publish","format-standard","hentry","category-allgemein"],"_links":{"self":[{"href":"https:\/\/blog.liesdoch.de\/index.php?rest_route=\/wp\/v2\/posts\/5800","targetHints":{"allow":["GET"]}}],"collection":[{"href":"https:\/\/blog.liesdoch.de\/index.php?rest_route=\/wp\/v2\/posts"}],"about":[{"href":"https:\/\/blog.liesdoch.de\/index.php?rest_route=\/wp\/v2\/types\/post"}],"author":[{"embeddable":true,"href":"https:\/\/blog.liesdoch.de\/index.php?rest_route=\/wp\/v2\/users\/6"}],"replies":[{"embeddable":true,"href":"https:\/\/blog.liesdoch.de\/index.php?rest_route=%2Fwp%2Fv2%2Fcomments&post=5800"}],"version-history":[{"count":1,"href":"https:\/\/blog.liesdoch.de\/index.php?rest_route=\/wp\/v2\/posts\/5800\/revisions"}],"predecessor-version":[{"id":5802,"href":"https:\/\/blog.liesdoch.de\/index.php?rest_route=\/wp\/v2\/posts\/5800\/revisions\/5802"}],"wp:attachment":[{"href":"https:\/\/blog.liesdoch.de\/index.php?rest_route=%2Fwp%2Fv2%2Fmedia&parent=5800"}],"wp:term":[{"taxonomy":"category","embeddable":true,"href":"https:\/\/blog.liesdoch.de\/index.php?rest_route=%2Fwp%2Fv2%2Fcategories&post=5800"},{"taxonomy":"post_tag","embeddable":true,"href":"https:\/\/blog.liesdoch.de\/index.php?rest_route=%2Fwp%2Fv2%2Ftags&post=5800"}],"curies":[{"name":"wp","href":"https:\/\/api.w.org\/{rel}","templated":true}]}}