{"id":583,"date":"2015-10-07T10:51:14","date_gmt":"2015-10-07T08:51:14","guid":{"rendered":"http:\/\/blog.liesdoch.de\/?p=583"},"modified":"2015-10-07T10:51:14","modified_gmt":"2015-10-07T08:51:14","slug":"zwoelf-leben","status":"publish","type":"post","link":"https:\/\/blog.liesdoch.de\/?p=583","title":{"rendered":"Zw\u00f6lf Leben"},"content":{"rendered":"<p>&nbsp;<\/p>\n<p><a href=\"http:\/\/blog.liesdoch.de\/wp-content\/uploads\/2015\/10\/42639441z.jpg\"><img loading=\"lazy\" decoding=\"async\" class=\"alignnone size-medium wp-image-584\" src=\"http:\/\/blog.liesdoch.de\/wp-content\/uploads\/2015\/10\/42639441z-188x300.jpg\" alt=\"42639441z\" width=\"188\" height=\"300\" srcset=\"https:\/\/blog.liesdoch.de\/wp-content\/uploads\/2015\/10\/42639441z-188x300.jpg 188w, https:\/\/blog.liesdoch.de\/wp-content\/uploads\/2015\/10\/42639441z.jpg 298w\" sizes=\"auto, (max-width: 188px) 100vw, 188px\" \/><\/a><\/p>\n<p>&nbsp;<\/p>\n<p>Ayana Mathis, Zw\u00f6lf Leben, DTV 2015, ISBN 978-3-423-14436-0<\/p>\n<p>&nbsp;<\/p>\n<p>Von der amerikanischen Kritik schon mit der ersten schwarzen Literaturnobelpreistr\u00e4gerin Toni Morrison verglichen, ist das Romandeb\u00fct von Ayana Mathis tats\u00e4chlich ein erstaunlich reifes und tiefes Buch.<\/p>\n<p>Es erz\u00e4hlt in einzelnen Geschichten von der Afroamerikanerin Hattie und ihren elf Kindern. Jeder dieser zw\u00f6lf Personen hat sie ein Kapitel gewidmet, die in einem Zeitrahmen zwischen 1925 und 1980 angesiedelt sind. Immer mehr, je weiter die Erz\u00e4hlungen schreiten, ergibt sich ein Bild einer Familie, ihren verschiedenen Charakteren und der Entwicklung der einzelnen Personen in einer Gesellschaft, die den Afroamerikanern ihre Rechte verweigert und durchsetzt ist von verdecktem und offenem Rassismus.<\/p>\n<p>Ersch\u00fctternd sind sie oft, die Schicksale der einzelnen Personen und lassen den Leser mehr als einmal regelrecht sprachlos zur\u00fcck. In einer verzaubernden und mitrei\u00dfenden Handlung wird mit einer poetischen und an Bildern reichen Sprache erz\u00e4hlt von Hoffnung und Liebe und von Schuld und Vergebung.<\/p>\n<p>Mit gro\u00dfer Spannung d\u00fcrfen die Leser in den USA und dann auch in Deutschland ihr zweites Buch erwarten, von dem zur Zeit nicht bekannt ist, wann es erscheinen wird. Dann wird sich auch zeigen, ob die schnellen Vergleiche mit Toni Morrison standhalten.<\/p>\n","protected":false},"excerpt":{"rendered":"<p>&nbsp; &nbsp; Ayana Mathis, Zw\u00f6lf Leben, DTV 2015, ISBN 978-3-423-14436-0 &nbsp; Von der amerikanischen Kritik schon mit der ersten schwarzen Literaturnobelpreistr\u00e4gerin Toni Morrison verglichen, ist das Romandeb\u00fct von Ayana Mathis tats\u00e4chlich ein erstaunlich reifes und tiefes Buch. Es erz\u00e4hlt in einzelnen Geschichten von der Afroamerikanerin Hattie und ihren elf Kindern. Jeder dieser zw\u00f6lf Personen hat &hellip; <a href=\"https:\/\/blog.liesdoch.de\/?p=583\" class=\"more-link\"><span class=\"screen-reader-text\">Zw\u00f6lf Leben<\/span> weiterlesen <span class=\"meta-nav\">&rarr;<\/span><\/a><\/p>\n","protected":false},"author":6,"featured_media":0,"comment_status":"open","ping_status":"open","sticky":false,"template":"","format":"standard","meta":{"footnotes":""},"categories":[1],"tags":[106,215],"class_list":["post-583","post","type-post","status-publish","format-standard","hentry","category-allgemein","tag-debuetroman","tag-toni-morrison"],"_links":{"self":[{"href":"https:\/\/blog.liesdoch.de\/index.php?rest_route=\/wp\/v2\/posts\/583","targetHints":{"allow":["GET"]}}],"collection":[{"href":"https:\/\/blog.liesdoch.de\/index.php?rest_route=\/wp\/v2\/posts"}],"about":[{"href":"https:\/\/blog.liesdoch.de\/index.php?rest_route=\/wp\/v2\/types\/post"}],"author":[{"embeddable":true,"href":"https:\/\/blog.liesdoch.de\/index.php?rest_route=\/wp\/v2\/users\/6"}],"replies":[{"embeddable":true,"href":"https:\/\/blog.liesdoch.de\/index.php?rest_route=%2Fwp%2Fv2%2Fcomments&post=583"}],"version-history":[{"count":1,"href":"https:\/\/blog.liesdoch.de\/index.php?rest_route=\/wp\/v2\/posts\/583\/revisions"}],"predecessor-version":[{"id":585,"href":"https:\/\/blog.liesdoch.de\/index.php?rest_route=\/wp\/v2\/posts\/583\/revisions\/585"}],"wp:attachment":[{"href":"https:\/\/blog.liesdoch.de\/index.php?rest_route=%2Fwp%2Fv2%2Fmedia&parent=583"}],"wp:term":[{"taxonomy":"category","embeddable":true,"href":"https:\/\/blog.liesdoch.de\/index.php?rest_route=%2Fwp%2Fv2%2Fcategories&post=583"},{"taxonomy":"post_tag","embeddable":true,"href":"https:\/\/blog.liesdoch.de\/index.php?rest_route=%2Fwp%2Fv2%2Ftags&post=583"}],"curies":[{"name":"wp","href":"https:\/\/api.w.org\/{rel}","templated":true}]}}